{"id":7784,"date":"2015-09-21T15:00:44","date_gmt":"2015-09-21T13:00:44","guid":{"rendered":"http:\/\/www.oficinaempleo.com\/blog\/?p=7784"},"modified":"2015-09-21T12:27:14","modified_gmt":"2015-09-21T10:27:14","slug":"te-mudarias-de-ciudad-por-trabajo","status":"publish","type":"post","link":"https:\/\/www.oficinaempleo.com\/blog\/te-mudarias-de-ciudad-por-trabajo\/","title":{"rendered":"\u00bfTe mudar\u00edas de ciudad por trabajo?"},"content":{"rendered":"<p style=\"text-align: justify;\"><div class=\"su-button-center\"><a href=\"https:\/\/jobs.oficinaempleo.com\/registro?origen=ORG-web&#038;utm_source=OE&#038;utm_medium=boton_registro&#038;utm_content=homepage&#038;utm_campaign=organic\" class=\"su-button su-button-style-flat\" style=\"color:#FFFFFF;background-color:#ec7d0c;border-color:#bd640a;border-radius:10px\" target=\"__blank\"><span style=\"color:#FFFFFF;padding:8px 26px;font-size:20px;line-height:30px;border-color:#f2a455;border-radius:10px;text-shadow:none\"><i class=\"sui sui-arrow-circle-right\" style=\"font-size:20px;color:#FFFFFF\"><\/i> Reg\u00edstrate gratis en OficinaEmpleo<\/span><\/a><\/div><div class=\"su-spacer\" style=\"height:30px\"><\/div>\n<p style=\"text-align: justify;\">Todos sabemos lo dif\u00edcil que est\u00e1 el <strong>mercado laboral<\/strong> de unos a\u00f1os a esta parte debido a la crisis. Todo ello ha provocado menos puestos de trabajo y los que hay,  m\u00e1s precarios. No es lo \u00fanico. Tambi\u00e9n nos ha llevado en ocasiones a tener que aceptar puestos de trabajo que en condiciones normales no se hubieran ofertado. Entre esas condiciones que tal vez hemos tenido que aceptar est\u00e1 la de <strong>mudarnos de ciudad para poder trabajar<\/strong>. No es algo tan raro y si no,  echa un vistazo a estos datos.<\/p>\n<p><a href=\"http:\/\/www.oficinaempleo.com\/blog\/wp-content\/uploads\/2015\/09\/mudanza_dentro.jpg\"><img loading=\"lazy\" decoding=\"async\" class=\"alignnone size-full wp-image-7785\" src=\"http:\/\/www.oficinaempleo.com\/blog\/wp-content\/uploads\/2015\/09\/mudanza_dentro.jpg\" alt=\"mudanza_dentro\" width=\"590\" height=\"315\" srcset=\"https:\/\/www.oficinaempleo.com\/blog\/wp-content\/uploads\/2015\/09\/mudanza_dentro.jpg 590w, https:\/\/www.oficinaempleo.com\/blog\/wp-content\/uploads\/2015\/09\/mudanza_dentro-300x160.jpg 300w, https:\/\/www.oficinaempleo.com\/blog\/wp-content\/uploads\/2015\/09\/mudanza_dentro-280x150.jpg 280w\" sizes=\"auto, (max-width: 590px) 100vw, 590px\" \/><\/a><\/p>\n<p style=\"text-align: justify;\"><strong>1. Aumento de la movilidad laboral.<\/strong><\/p>\n<p style=\"text-align: justify;\">Hace pocos d\u00edas,  el Ministerio de Empleo daba a conocer su informe anual sobre contrataci\u00f3n y movilidad de los trabajadores correspondiente a 2014, y de \u00e9l se desprende que la tasa de movilidad ha crecido cuatro d\u00e9cimas con respecto al a\u00f1o anterior.<\/p>\n<p style=\"text-align: justify;\"><strong>2. \u00bfQu\u00e9 es la tasa de movilidad?<\/strong><\/p>\n<p style=\"text-align: justify;\">Esa tasa que decimos que se ha incrementado es la proporci\u00f3n de contratos que implican desplazamiento sobre el total de los que afectan al territorio. Esa tasa se situ\u00f3 en 2014 seg\u00fan los datos del Ministerio en 12,66 por ciento. Es decir, que el 12,66 por ciento de contratos implic\u00f3 un traslado interprovincial, cuatro d\u00e9cimas m\u00e1s (como dec\u00edamos antes) que el a\u00f1o anterior.<\/p>\n<p style=\"text-align: justify;\"><strong>3. \u00bfQu\u00e9 supone esta subida?<\/strong><\/p>\n<p style=\"text-align: justify;\">Estas cuatro d\u00e9cimas son la subida m\u00e1s fuerte de esta tasa desde 2001.<\/p>\n<p style=\"text-align: justify;\"><strong>4. En n\u00famero de contratos.<\/strong><\/p>\n<p style=\"text-align: justify;\">Si atendemos al n\u00famero de contratos, en 2014 se formalizaron un total de 16,6 millones de ellos, un 13,10 por ciento m\u00e1s que en 2013. De ellos, 2,1 millones fueron contratos de movilidad, un 16,94 por ciento m\u00e1s que un a\u00f1o antes. Todo esto significa que la proporci\u00f3n en la que aumentan el n\u00famero de contratos totales no crece al mismo ritmo que los de movilidad, cuyo ritmo es mayor.<\/p>\n<p style=\"text-align: justify;\"><strong>5. Por provincias.<\/strong><\/p>\n<p style=\"text-align: justify;\">Si nos fijamos en las provincias con mayor movilidad, por un lado tenemos a Madrid y Barcelona, las de mayor saldo positivo (es decir, las que m\u00e1s trabajadores reciben); mientras que en el lado contrario est\u00e1 C\u00e1diz, la provincia con mayor saldo negativo. Se da la circunstancia que las dos primeras llevan desde el a\u00f1o 2000 ostentando este \u2018honor\u2019 mientras que C\u00e1diz hace lo propio desde 2001.<\/p>\n<p style=\"text-align: justify;\"><strong>6. \u00bfQui\u00e9n se va?<\/strong><\/p>\n<p style=\"text-align: justify;\">Est\u00e1 claro que no todo el mundo puede aceptar un trabajo que implique irse a vivir a otra provincia. Depende mucho de las circunstancias personales, del contexto familiar tambi\u00e9n, si tienes que mantener una vivienda en el lugar de donde te vas por ejemplo tambi\u00e9n. As\u00ed, el perfil del trabajador que m\u00e1s se mueve es el de un hombre, con una edad media de 35 a\u00f1os y con una formaci\u00f3n o muy alta (universitaria) o sin estudios. Los extranjeros tienen una mayor tasa de movilidad y los profesionales cient\u00edficos o t\u00e9cnicos tienen la tasa m\u00e1s alta de todas las actividades.<\/p>\n<p style=\"text-align: justify;\"><strong>7. Conclusi\u00f3n.<\/strong><\/p>\n<p style=\"text-align: justify;\">Lo que est\u00e1 claro, y los datos no mienten, es que cada vez hay m\u00e1s espa\u00f1oles que deciden aceptar un trabajo fuera de su provincia. Si eres de los que te lo est\u00e1s planteando, puede tratarse de una buena oportunidad de conocer gente nueva y adquirir nuevas experiencias tanto laborales como personales. Muchos de los que se van, lo hacen teniendo claro que volver\u00e1n a su lugar de origen pero otros muchos terminan haciendo de su nuevo destino su residencia definitiva, y m\u00e1s si all\u00ed conoces a tu futura pareja y, qui\u00e9n sabe, a lo mejor ampliar la familia.<\/p>\n<p style=\"text-align: justify;\"><div class=\"su-button-center\"><a href=\"https:\/\/jobs.oficinaempleo.com\/registro?origen=ORG-web&#038;utm_source=OE&#038;utm_medium=boton_registro&#038;utm_content=homepage&#038;utm_campaign=organic\" class=\"su-button su-button-style-flat\" style=\"color:#FFFFFF;background-color:#ec7d0c;border-color:#bd640a;border-radius:10px\" target=\"__blank\"><span style=\"color:#FFFFFF;padding:8px 26px;font-size:20px;line-height:30px;border-color:#f2a455;border-radius:10px;text-shadow:none\"><i class=\"sui sui-arrow-circle-right\" style=\"font-size:20px;color:#FFFFFF\"><\/i> Reg\u00edstrate gratis en OficinaEmpleo<\/span><\/a><\/div><div class=\"su-spacer\" style=\"height:30px\"><\/div>\n","protected":false},"excerpt":{"rendered":"<p>Cada vez es m\u00e1s com\u00fan tener que mudarse de ciudad por motivos de trabajo.<\/p>\n","protected":false},"author":5,"featured_media":7786,"comment_status":"open","ping_status":"open","sticky":false,"template":"","format":"standard","meta":{"footnotes":""},"categories":[691,12],"tags":[203,2414,2415,2417,2416],"class_list":["post-7784","post","type-post","status-publish","format-standard","has-post-thumbnail","hentry","category-actualidad-empleo","category-consejos-y-recursos","tag-contratos","tag-movilidad-laboral","tag-mudanza-por-trabajo","tag-tasa-de-movilidad","tag-traslados","cat-691-id","cat-12-id","has_thumb"],"yoast_head":"<!-- This site is optimized with the Yoast SEO plugin v27.1.1 - https:\/\/yoast.com\/product\/yoast-seo-wordpress\/ -->\n<title>\u00bfTe mudar\u00edas de ciudad por trabajo? - Blog OficinaEmpleo<\/title>\n<meta name=\"robots\" content=\"index, follow, max-snippet:-1, max-image-preview:large, max-video-preview:-1\" \/>\n<link rel=\"canonical\" href=\"https:\/\/www.oficinaempleo.com\/blog\/te-mudarias-de-ciudad-por-trabajo\/\" \/>\n<meta property=\"og:locale\" content=\"es_ES\" \/>\n<meta property=\"og:type\" content=\"article\" \/>\n<meta property=\"og:title\" content=\"\u00bfTe mudar\u00edas de ciudad por trabajo? - Blog OficinaEmpleo\" \/>\n<meta property=\"og:description\" content=\"Cada vez es m\u00e1s com\u00fan tener que mudarse de ciudad por motivos de trabajo.\" \/>\n<meta property=\"og:url\" content=\"https:\/\/www.oficinaempleo.com\/blog\/te-mudarias-de-ciudad-por-trabajo\/\" \/>\n<meta property=\"og:site_name\" content=\"Noticias y consejos de empleo | Blog OficinaEmpleo\" \/>\n<meta property=\"article:published_time\" content=\"2015-09-21T13:00:44+00:00\" \/>\n<meta property=\"og:image\" content=\"https:\/\/www.oficinaempleo.com\/blog\/wp-content\/uploads\/2015\/09\/mudanza_destacada.jpg\" \/>\n\t<meta property=\"og:image:width\" content=\"590\" \/>\n\t<meta property=\"og:image:height\" content=\"315\" \/>\n\t<meta property=\"og:image:type\" content=\"image\/jpeg\" \/>\n<meta name=\"author\" content=\"David Garc\u00eda\" \/>\n<meta name=\"twitter:card\" content=\"summary_large_image\" \/>\n<meta name=\"twitter:creator\" content=\"@OficinaEmpleo\" \/>\n<meta name=\"twitter:site\" content=\"@OficinaEmpleo\" \/>\n<meta name=\"twitter:label1\" content=\"Written by\" \/>\n\t<meta name=\"twitter:data1\" content=\"David Garc\u00eda\" \/>\n\t<meta name=\"twitter:label2\" content=\"Est. reading time\" \/>\n\t<meta name=\"twitter:data2\" content=\"3 minutos\" \/>\n<script type=\"application\/ld+json\" class=\"yoast-schema-graph\">{\"@context\":\"https:\/\/schema.org\",\"@graph\":[{\"@type\":\"Article\",\"@id\":\"https:\/\/www.oficinaempleo.com\/blog\/te-mudarias-de-ciudad-por-trabajo\/#article\",\"isPartOf\":{\"@id\":\"https:\/\/www.oficinaempleo.com\/blog\/te-mudarias-de-ciudad-por-trabajo\/\"},\"author\":{\"name\":\"David Garc\u00eda\",\"@id\":\"https:\/\/www.oficinaempleo.com\/blog\/#\/schema\/person\/fb90e38571c727c56dd2231966ab3358\"},\"headline\":\"\u00bfTe mudar\u00edas de ciudad por trabajo?\",\"datePublished\":\"2015-09-21T13:00:44+00:00\",\"mainEntityOfPage\":{\"@id\":\"https:\/\/www.oficinaempleo.com\/blog\/te-mudarias-de-ciudad-por-trabajo\/\"},\"wordCount\":670,\"commentCount\":0,\"publisher\":{\"@id\":\"https:\/\/www.oficinaempleo.com\/blog\/#organization\"},\"image\":{\"@id\":\"https:\/\/www.oficinaempleo.com\/blog\/te-mudarias-de-ciudad-por-trabajo\/#primaryimage\"},\"thumbnailUrl\":\"https:\/\/www.oficinaempleo.com\/blog\/wp-content\/uploads\/2015\/09\/mudanza_destacada.jpg\",\"keywords\":[\"contratos\",\"movilidad laboral\",\"mudanza por trabajo\",\"tasa de movilidad\",\"traslados\"],\"articleSection\":[\"Actualidad\",\"Consejos y Recursos\"],\"inLanguage\":\"es\",\"potentialAction\":[{\"@type\":\"CommentAction\",\"name\":\"Comment\",\"target\":[\"https:\/\/www.oficinaempleo.com\/blog\/te-mudarias-de-ciudad-por-trabajo\/#respond\"]}]},{\"@type\":\"WebPage\",\"@id\":\"https:\/\/www.oficinaempleo.com\/blog\/te-mudarias-de-ciudad-por-trabajo\/\",\"url\":\"https:\/\/www.oficinaempleo.com\/blog\/te-mudarias-de-ciudad-por-trabajo\/\",\"name\":\"\u00bfTe mudar\u00edas de ciudad por trabajo? - Blog OficinaEmpleo\",\"isPartOf\":{\"@id\":\"https:\/\/www.oficinaempleo.com\/blog\/#website\"},\"primaryImageOfPage\":{\"@id\":\"https:\/\/www.oficinaempleo.com\/blog\/te-mudarias-de-ciudad-por-trabajo\/#primaryimage\"},\"image\":{\"@id\":\"https:\/\/www.oficinaempleo.com\/blog\/te-mudarias-de-ciudad-por-trabajo\/#primaryimage\"},\"thumbnailUrl\":\"https:\/\/www.oficinaempleo.com\/blog\/wp-content\/uploads\/2015\/09\/mudanza_destacada.jpg\",\"datePublished\":\"2015-09-21T13:00:44+00:00\",\"breadcrumb\":{\"@id\":\"https:\/\/www.oficinaempleo.com\/blog\/te-mudarias-de-ciudad-por-trabajo\/#breadcrumb\"},\"inLanguage\":\"es\",\"potentialAction\":[{\"@type\":\"ReadAction\",\"target\":[\"https:\/\/www.oficinaempleo.com\/blog\/te-mudarias-de-ciudad-por-trabajo\/\"]}]},{\"@type\":\"ImageObject\",\"inLanguage\":\"es\",\"@id\":\"https:\/\/www.oficinaempleo.com\/blog\/te-mudarias-de-ciudad-por-trabajo\/#primaryimage\",\"url\":\"https:\/\/www.oficinaempleo.com\/blog\/wp-content\/uploads\/2015\/09\/mudanza_destacada.jpg\",\"contentUrl\":\"https:\/\/www.oficinaempleo.com\/blog\/wp-content\/uploads\/2015\/09\/mudanza_destacada.jpg\",\"width\":590,\"height\":315},{\"@type\":\"BreadcrumbList\",\"@id\":\"https:\/\/www.oficinaempleo.com\/blog\/te-mudarias-de-ciudad-por-trabajo\/#breadcrumb\",\"itemListElement\":[{\"@type\":\"ListItem\",\"position\":1,\"name\":\"Home\",\"item\":\"https:\/\/www.oficinaempleo.com\/blog\/\"},{\"@type\":\"ListItem\",\"position\":2,\"name\":\"\u00bfTe mudar\u00edas de ciudad por trabajo?\"}]},{\"@type\":\"WebSite\",\"@id\":\"https:\/\/www.oficinaempleo.com\/blog\/#website\",\"url\":\"https:\/\/www.oficinaempleo.com\/blog\/\",\"name\":\"Noticias y Consejos de Empleo | Blog OficinaEmpleo\",\"description\":\"\",\"publisher\":{\"@id\":\"https:\/\/www.oficinaempleo.com\/blog\/#organization\"},\"potentialAction\":[{\"@type\":\"SearchAction\",\"target\":{\"@type\":\"EntryPoint\",\"urlTemplate\":\"https:\/\/www.oficinaempleo.com\/blog\/?s={search_term_string}\"},\"query-input\":{\"@type\":\"PropertyValueSpecification\",\"valueRequired\":true,\"valueName\":\"search_term_string\"}}],\"inLanguage\":\"es\"},{\"@type\":\"Organization\",\"@id\":\"https:\/\/www.oficinaempleo.com\/blog\/#organization\",\"name\":\"OficinaEmpleo\",\"url\":\"https:\/\/www.oficinaempleo.com\/blog\/\",\"logo\":{\"@type\":\"ImageObject\",\"inLanguage\":\"es\",\"@id\":\"https:\/\/www.oficinaempleo.com\/blog\/#\/schema\/logo\/image\/\",\"url\":\"https:\/\/www.oficinaempleo.com\/blog\/wp-content\/uploads\/2018\/10\/logo_footer-1.jpg\",\"contentUrl\":\"https:\/\/www.oficinaempleo.com\/blog\/wp-content\/uploads\/2018\/10\/logo_footer-1.jpg\",\"width\":478,\"height\":57,\"caption\":\"OficinaEmpleo\"},\"image\":{\"@id\":\"https:\/\/www.oficinaempleo.com\/blog\/#\/schema\/logo\/image\/\"},\"sameAs\":[\"https:\/\/x.com\/OficinaEmpleo\"]},{\"@type\":\"Person\",\"@id\":\"https:\/\/www.oficinaempleo.com\/blog\/#\/schema\/person\/fb90e38571c727c56dd2231966ab3358\",\"name\":\"David Garc\u00eda\",\"image\":{\"@type\":\"ImageObject\",\"inLanguage\":\"es\",\"@id\":\"https:\/\/www.oficinaempleo.com\/blog\/#\/schema\/person\/image\/\",\"url\":\"https:\/\/secure.gravatar.com\/avatar\/e790fd54d7ada3dd19d3bebd1baf92ae088ffc6c3574e2d74d180130b4099a61?s=96&d=mm&r=g\",\"contentUrl\":\"https:\/\/secure.gravatar.com\/avatar\/e790fd54d7ada3dd19d3bebd1baf92ae088ffc6c3574e2d74d180130b4099a61?s=96&d=mm&r=g\",\"caption\":\"David Garc\u00eda\"},\"url\":\"https:\/\/www.oficinaempleo.com\/blog\/author\/david\/\"}]}<\/script>\n<!-- \/ Yoast SEO plugin. -->","yoast_head_json":{"title":"\u00bfTe mudar\u00edas de ciudad por trabajo? - Blog OficinaEmpleo","robots":{"index":"index","follow":"follow","max-snippet":"max-snippet:-1","max-image-preview":"max-image-preview:large","max-video-preview":"max-video-preview:-1"},"canonical":"https:\/\/www.oficinaempleo.com\/blog\/te-mudarias-de-ciudad-por-trabajo\/","og_locale":"es_ES","og_type":"article","og_title":"\u00bfTe mudar\u00edas de ciudad por trabajo? - Blog OficinaEmpleo","og_description":"Cada vez es m\u00e1s com\u00fan tener que mudarse de ciudad por motivos de trabajo.","og_url":"https:\/\/www.oficinaempleo.com\/blog\/te-mudarias-de-ciudad-por-trabajo\/","og_site_name":"Noticias y consejos de empleo | Blog OficinaEmpleo","article_published_time":"2015-09-21T13:00:44+00:00","og_image":[{"width":590,"height":315,"url":"https:\/\/www.oficinaempleo.com\/blog\/wp-content\/uploads\/2015\/09\/mudanza_destacada.jpg","type":"image\/jpeg"}],"author":"David Garc\u00eda","twitter_card":"summary_large_image","twitter_creator":"@OficinaEmpleo","twitter_site":"@OficinaEmpleo","twitter_misc":{"Written by":"David Garc\u00eda","Est. reading time":"3 minutos"},"schema":{"@context":"https:\/\/schema.org","@graph":[{"@type":"Article","@id":"https:\/\/www.oficinaempleo.com\/blog\/te-mudarias-de-ciudad-por-trabajo\/#article","isPartOf":{"@id":"https:\/\/www.oficinaempleo.com\/blog\/te-mudarias-de-ciudad-por-trabajo\/"},"author":{"name":"David Garc\u00eda","@id":"https:\/\/www.oficinaempleo.com\/blog\/#\/schema\/person\/fb90e38571c727c56dd2231966ab3358"},"headline":"\u00bfTe mudar\u00edas de ciudad por trabajo?","datePublished":"2015-09-21T13:00:44+00:00","mainEntityOfPage":{"@id":"https:\/\/www.oficinaempleo.com\/blog\/te-mudarias-de-ciudad-por-trabajo\/"},"wordCount":670,"commentCount":0,"publisher":{"@id":"https:\/\/www.oficinaempleo.com\/blog\/#organization"},"image":{"@id":"https:\/\/www.oficinaempleo.com\/blog\/te-mudarias-de-ciudad-por-trabajo\/#primaryimage"},"thumbnailUrl":"https:\/\/www.oficinaempleo.com\/blog\/wp-content\/uploads\/2015\/09\/mudanza_destacada.jpg","keywords":["contratos","movilidad laboral","mudanza por trabajo","tasa de movilidad","traslados"],"articleSection":["Actualidad","Consejos y Recursos"],"inLanguage":"es","potentialAction":[{"@type":"CommentAction","name":"Comment","target":["https:\/\/www.oficinaempleo.com\/blog\/te-mudarias-de-ciudad-por-trabajo\/#respond"]}]},{"@type":"WebPage","@id":"https:\/\/www.oficinaempleo.com\/blog\/te-mudarias-de-ciudad-por-trabajo\/","url":"https:\/\/www.oficinaempleo.com\/blog\/te-mudarias-de-ciudad-por-trabajo\/","name":"\u00bfTe mudar\u00edas de ciudad por trabajo? - Blog OficinaEmpleo","isPartOf":{"@id":"https:\/\/www.oficinaempleo.com\/blog\/#website"},"primaryImageOfPage":{"@id":"https:\/\/www.oficinaempleo.com\/blog\/te-mudarias-de-ciudad-por-trabajo\/#primaryimage"},"image":{"@id":"https:\/\/www.oficinaempleo.com\/blog\/te-mudarias-de-ciudad-por-trabajo\/#primaryimage"},"thumbnailUrl":"https:\/\/www.oficinaempleo.com\/blog\/wp-content\/uploads\/2015\/09\/mudanza_destacada.jpg","datePublished":"2015-09-21T13:00:44+00:00","breadcrumb":{"@id":"https:\/\/www.oficinaempleo.com\/blog\/te-mudarias-de-ciudad-por-trabajo\/#breadcrumb"},"inLanguage":"es","potentialAction":[{"@type":"ReadAction","target":["https:\/\/www.oficinaempleo.com\/blog\/te-mudarias-de-ciudad-por-trabajo\/"]}]},{"@type":"ImageObject","inLanguage":"es","@id":"https:\/\/www.oficinaempleo.com\/blog\/te-mudarias-de-ciudad-por-trabajo\/#primaryimage","url":"https:\/\/www.oficinaempleo.com\/blog\/wp-content\/uploads\/2015\/09\/mudanza_destacada.jpg","contentUrl":"https:\/\/www.oficinaempleo.com\/blog\/wp-content\/uploads\/2015\/09\/mudanza_destacada.jpg","width":590,"height":315},{"@type":"BreadcrumbList","@id":"https:\/\/www.oficinaempleo.com\/blog\/te-mudarias-de-ciudad-por-trabajo\/#breadcrumb","itemListElement":[{"@type":"ListItem","position":1,"name":"Home","item":"https:\/\/www.oficinaempleo.com\/blog\/"},{"@type":"ListItem","position":2,"name":"\u00bfTe mudar\u00edas de ciudad por trabajo?"}]},{"@type":"WebSite","@id":"https:\/\/www.oficinaempleo.com\/blog\/#website","url":"https:\/\/www.oficinaempleo.com\/blog\/","name":"Noticias y Consejos de Empleo | Blog OficinaEmpleo","description":"","publisher":{"@id":"https:\/\/www.oficinaempleo.com\/blog\/#organization"},"potentialAction":[{"@type":"SearchAction","target":{"@type":"EntryPoint","urlTemplate":"https:\/\/www.oficinaempleo.com\/blog\/?s={search_term_string}"},"query-input":{"@type":"PropertyValueSpecification","valueRequired":true,"valueName":"search_term_string"}}],"inLanguage":"es"},{"@type":"Organization","@id":"https:\/\/www.oficinaempleo.com\/blog\/#organization","name":"OficinaEmpleo","url":"https:\/\/www.oficinaempleo.com\/blog\/","logo":{"@type":"ImageObject","inLanguage":"es","@id":"https:\/\/www.oficinaempleo.com\/blog\/#\/schema\/logo\/image\/","url":"https:\/\/www.oficinaempleo.com\/blog\/wp-content\/uploads\/2018\/10\/logo_footer-1.jpg","contentUrl":"https:\/\/www.oficinaempleo.com\/blog\/wp-content\/uploads\/2018\/10\/logo_footer-1.jpg","width":478,"height":57,"caption":"OficinaEmpleo"},"image":{"@id":"https:\/\/www.oficinaempleo.com\/blog\/#\/schema\/logo\/image\/"},"sameAs":["https:\/\/x.com\/OficinaEmpleo"]},{"@type":"Person","@id":"https:\/\/www.oficinaempleo.com\/blog\/#\/schema\/person\/fb90e38571c727c56dd2231966ab3358","name":"David Garc\u00eda","image":{"@type":"ImageObject","inLanguage":"es","@id":"https:\/\/www.oficinaempleo.com\/blog\/#\/schema\/person\/image\/","url":"https:\/\/secure.gravatar.com\/avatar\/e790fd54d7ada3dd19d3bebd1baf92ae088ffc6c3574e2d74d180130b4099a61?s=96&d=mm&r=g","contentUrl":"https:\/\/secure.gravatar.com\/avatar\/e790fd54d7ada3dd19d3bebd1baf92ae088ffc6c3574e2d74d180130b4099a61?s=96&d=mm&r=g","caption":"David Garc\u00eda"},"url":"https:\/\/www.oficinaempleo.com\/blog\/author\/david\/"}]}},"_links":{"self":[{"href":"https:\/\/www.oficinaempleo.com\/blog\/wp-json\/wp\/v2\/posts\/7784","targetHints":{"allow":["GET"]}}],"collection":[{"href":"https:\/\/www.oficinaempleo.com\/blog\/wp-json\/wp\/v2\/posts"}],"about":[{"href":"https:\/\/www.oficinaempleo.com\/blog\/wp-json\/wp\/v2\/types\/post"}],"author":[{"embeddable":true,"href":"https:\/\/www.oficinaempleo.com\/blog\/wp-json\/wp\/v2\/users\/5"}],"replies":[{"embeddable":true,"href":"https:\/\/www.oficinaempleo.com\/blog\/wp-json\/wp\/v2\/comments?post=7784"}],"version-history":[{"count":0,"href":"https:\/\/www.oficinaempleo.com\/blog\/wp-json\/wp\/v2\/posts\/7784\/revisions"}],"wp:featuredmedia":[{"embeddable":true,"href":"https:\/\/www.oficinaempleo.com\/blog\/wp-json\/wp\/v2\/media\/7786"}],"wp:attachment":[{"href":"https:\/\/www.oficinaempleo.com\/blog\/wp-json\/wp\/v2\/media?parent=7784"}],"wp:term":[{"taxonomy":"category","embeddable":true,"href":"https:\/\/www.oficinaempleo.com\/blog\/wp-json\/wp\/v2\/categories?post=7784"},{"taxonomy":"post_tag","embeddable":true,"href":"https:\/\/www.oficinaempleo.com\/blog\/wp-json\/wp\/v2\/tags?post=7784"}],"curies":[{"name":"wp","href":"https:\/\/api.w.org\/{rel}","templated":true}]}}