{"id":7817,"date":"2016-09-22T15:35:36","date_gmt":"2016-09-22T13:35:36","guid":{"rendered":"http:\/\/www.oficinaempleo.com\/blog\/?p=7817"},"modified":"2016-09-29T13:00:11","modified_gmt":"2016-09-29T11:00:11","slug":"las-razones-mas-habituales-por-las-que-un-empleado-deja-una-empresa","status":"publish","type":"post","link":"https:\/\/www.oficinaempleo.com\/blog\/las-razones-mas-habituales-por-las-que-un-empleado-deja-una-empresa\/","title":{"rendered":"Las razones m\u00e1s habituales por las que un empleado deja una empresa"},"content":{"rendered":"<p style=\"text-align: justify;\"><div class=\"su-button-center\"><a href=\"https:\/\/jobs.oficinaempleo.com\/registro?origen=ORG-web&#038;utm_source=OE&#038;utm_medium=boton_registro&#038;utm_content=homepage&#038;utm_campaign=organic\" class=\"su-button su-button-style-flat\" style=\"color:#FFFFFF;background-color:#ec7d0c;border-color:#bd640a;border-radius:10px\" target=\"_self\"><span style=\"color:#FFFFFF;padding:8px 26px;font-size:20px;line-height:30px;border-color:#f2a455;border-radius:10px;text-shadow:none\"><i class=\"sui sui-arrow-circle-right\" style=\"font-size:20px;color:#FFFFFF\"><\/i> Reg\u00edstrate gratis en OficinaEmpleo<\/span><\/a><\/div>\n<p style=\"text-align: justify;\">Puede que resulte extra\u00f1o que una alguien abandone su trabajo en la actual situaci\u00f3n de crisis que vivimos. A\u00fan as\u00ed hay quienes lo hacen\u00a0y estos son algunos de\u00a0los motivos m\u00e1s comunes.<\/p>\n<div id=\"attachment_7835\" style=\"width: 570px\" class=\"wp-caption aligncenter\"><a href=\"http:\/\/www.oficinaempleo.com\/blog\/wp-content\/uploads\/2015\/09\/Bew-Gtres-txt.jpg\"><img loading=\"lazy\" decoding=\"async\" aria-describedby=\"caption-attachment-7835\" class=\"size-full wp-image-7835\" src=\"http:\/\/www.oficinaempleo.com\/blog\/wp-content\/uploads\/2015\/09\/Bew-Gtres-txt.jpg\" alt=\"Bew,  Gtres\" width=\"560\" height=\"300\" srcset=\"https:\/\/www.oficinaempleo.com\/blog\/wp-content\/uploads\/2015\/09\/Bew-Gtres-txt.jpg 560w, https:\/\/www.oficinaempleo.com\/blog\/wp-content\/uploads\/2015\/09\/Bew-Gtres-txt-300x161.jpg 300w, https:\/\/www.oficinaempleo.com\/blog\/wp-content\/uploads\/2015\/09\/Bew-Gtres-txt-280x150.jpg 280w\" sizes=\"auto, (max-width: 560px) 100vw, 560px\" \/><\/a><p id=\"caption-attachment-7835\" class=\"wp-caption-text\">Bew,  Gtres<\/p><\/div>\n<ul>\n<li><strong>Poco o ning\u00fan reconocimiento profesional.<\/strong><br \/>\nPor lo general, pocas personas aseguran sentirse realmente reconocidos en su trabajo. Cuando un jefe no valora adecuadamente a los empleados\u00a0es dif\u00edcil conseguir un verdadero\u00a0compromiso y, sin embargo, muy f\u00e1cil acabar perdi\u00e9ndolos.<\/li>\n<\/ul>\n<p>&nbsp;<\/p>\n<ul>\n<li><strong>Mal ambiente de trabajo.<\/strong>La desconfianza entre compa\u00f1eros, un jefe desorganizado, que favorece a otros, que crea competitividad o que es abusivo, entre otras cosas, es el calvo de cultivo para un mal clima laboral.<\/li>\n<\/ul>\n<p>&nbsp;<\/p>\n<ul>\n<li><strong>Mobbing.<\/strong>El acoso laboral es una de las razones m\u00e1s poderosas para dejar un trabajo y de las m\u00e1s duras de superar por afectar\u00a0profundamente a la autoestima de las personas.<\/li>\n<\/ul>\n<p>&nbsp;<\/p>\n<ul>\n<li><strong>Baja remuneraci\u00f3n.<\/strong><br \/>\nLos sueldos han bajado tanto en los \u00faltimos a\u00f1os que es dif\u00edcil que muchos trabajadores cubran\u00a0todas sus necesidades. Por ello, es com\u00fan que se busquen empleos m\u00e1s acordes a sus gastos.<\/li>\n<\/ul>\n<p>&nbsp;<\/p>\n<ul>\n<li><strong>Una oferta\u00a0en otra empresa.<\/strong>La competencia suele estar al tanto del talento que hay en el mercado. A menudo se \u00abroban\u00bb trabajadores realizando ofertas con condiciones m\u00e1s apetecibles.<\/li>\n<\/ul>\n<p>&nbsp;<\/p>\n<ul>\n<li><strong>Crecimiento profesional estancado.<\/strong><br \/>\nTocar techo en el desarrollo profesional en una empresa es com\u00fan, sobre todo, en empresas peque\u00f1as o con pocas posibilidades de promoci\u00f3n interna.<\/li>\n<\/ul>\n<p>&nbsp;<\/p>\n<ul>\n<li><strong>Problemas para conciliar la vida familiar con la laboral.<\/strong><br \/>\nLos horarios de trabajo son en muchos casos eternos y hacen muy complicado que los padres puedan conciliar. Pocas son las empresas que facilitan una cuesti\u00f3n tan vital como \u00e9sta. Por ello, algunos deciden buscar oportunidades laborales en lugares m\u00e1s respetuosos con la vida personal de los empleados.<\/li>\n<\/ul>\n<p>&nbsp;<\/p>\n<ul>\n<li><strong>Desplazamientos demasiado largos.<\/strong><br \/>\nQue la sede de la empresa se encuentre a una distancia tal que obligue a recorrer muchos kil\u00f3metros o a emplear demasiado tiempo en llegar, resulta muy inc\u00f3modo, aparte del gasto a\u00f1adido que supone mensualmente.<\/li>\n<\/ul>\n<div class=\"su-button-center\"><a href=\"https:\/\/jobs.oficinaempleo.com\/registro?origen=ORG-web&#038;utm_source=OE&#038;utm_medium=boton_registro&#038;utm_content=homepage&#038;utm_campaign=organic\" class=\"su-button su-button-style-flat\" style=\"color:#FFFFFF;background-color:#ec7d0c;border-color:#bd640a;border-radius:10px\" target=\"_self\"><span style=\"color:#FFFFFF;padding:8px 26px;font-size:20px;line-height:30px;border-color:#f2a455;border-radius:10px;text-shadow:none\"><i class=\"sui sui-arrow-circle-right\" style=\"font-size:20px;color:#FFFFFF\"><\/i> Reg\u00edstrate gratis en OficinaEmpleo<\/span><\/a><\/div>\n","protected":false},"excerpt":{"rendered":"<p>Puede que resulte extra\u00f1o que una alguien abandone su trabajo en la actual situaci\u00f3n de crisis que vivimos. A\u00fan as\u00ed hay quienes lo hacen y estos son algunos de los motivos m\u00e1s comunes<\/p>\n","protected":false},"author":6,"featured_media":7837,"comment_status":"open","ping_status":"open","sticky":false,"template":"","format":"standard","meta":{"footnotes":""},"categories":[691,12,512,1441,17,690,11,1],"tags":[2429,2428,2427,2433,2432,2431,230,2434,2430],"class_list":["post-7817","post","type-post","status-publish","format-standard","has-post-thumbnail","hentry","category-actualidad-empleo","category-consejos-y-recursos","category-emprendedores","category-empresas","category-profesiones","category-psicologia-empleo","category-recursos-humanos","category-sin-categoria","tag-baja-remuneracion","tag-competencia","tag-crecimiento-profesional","tag-mal-ambiente-laboral","tag-mal-clima-laboral","tag-mobbing","tag-reconocimiento-laboral","tag-reconocimiento-profesional","tag-sueldo-bajo","cat-691-id","cat-12-id","cat-512-id","cat-1441-id","cat-17-id","cat-690-id","cat-11-id","cat-1-id","has_thumb"],"yoast_head":"<!-- This site is optimized with the Yoast SEO plugin v27.7 - https:\/\/yoast.com\/product\/yoast-seo-wordpress\/ -->\n<title>Las razones m\u00e1s habituales por las que un empleado deja una empresa<\/title>\n<meta name=\"description\" content=\"Puede que resulte extra\u00f1o que una alguien abandone su trabajo en la actual situaci\u00f3n de crisis que vivimos. A\u00fan as\u00ed hay quienes lo hacen...\" \/>\n<meta name=\"robots\" content=\"index, follow, max-snippet:-1, max-image-preview:large, max-video-preview:-1\" \/>\n<link rel=\"canonical\" href=\"https:\/\/www.oficinaempleo.com\/blog\/las-razones-mas-habituales-por-las-que-un-empleado-deja-una-empresa\/\" \/>\n<meta property=\"og:locale\" content=\"es_ES\" \/>\n<meta property=\"og:type\" content=\"article\" \/>\n<meta property=\"og:title\" content=\"Las razones m\u00e1s habituales por las que un empleado deja una empresa\" \/>\n<meta property=\"og:description\" content=\"Puede que resulte extra\u00f1o que una alguien abandone su trabajo en la actual situaci\u00f3n de crisis que vivimos. A\u00fan as\u00ed hay quienes lo hacen...\" \/>\n<meta property=\"og:url\" content=\"https:\/\/www.oficinaempleo.com\/blog\/las-razones-mas-habituales-por-las-que-un-empleado-deja-una-empresa\/\" \/>\n<meta property=\"og:site_name\" content=\"Noticias y consejos de empleo | Blog OficinaEmpleo\" \/>\n<meta property=\"article:published_time\" content=\"2016-09-22T13:35:36+00:00\" \/>\n<meta property=\"article:modified_time\" content=\"2016-09-29T11:00:11+00:00\" \/>\n<meta property=\"og:image\" content=\"https:\/\/www.oficinaempleo.com\/blog\/wp-content\/uploads\/2015\/09\/Eric-Audras-Gtres-txt.jpg\" \/>\n\t<meta property=\"og:image:width\" content=\"480\" \/>\n\t<meta property=\"og:image:height\" content=\"290\" \/>\n\t<meta property=\"og:image:type\" content=\"image\/jpeg\" \/>\n<meta name=\"author\" content=\"Carolina Ca\u00f1ada\" \/>\n<meta name=\"twitter:card\" content=\"summary_large_image\" \/>\n<meta name=\"twitter:creator\" content=\"@OficinaEmpleo\" \/>\n<meta name=\"twitter:site\" content=\"@OficinaEmpleo\" \/>\n<meta name=\"twitter:label1\" content=\"Written by\" \/>\n\t<meta name=\"twitter:data1\" content=\"Carolina Ca\u00f1ada\" \/>\n\t<meta name=\"twitter:label2\" content=\"Est. reading time\" \/>\n\t<meta name=\"twitter:data2\" content=\"2 minutos\" \/>\n<script type=\"application\/ld+json\" class=\"yoast-schema-graph\">{\"@context\":\"https:\\\/\\\/schema.org\",\"@graph\":[{\"@type\":\"Article\",\"@id\":\"https:\\\/\\\/www.oficinaempleo.com\\\/blog\\\/las-razones-mas-habituales-por-las-que-un-empleado-deja-una-empresa\\\/#article\",\"isPartOf\":{\"@id\":\"https:\\\/\\\/www.oficinaempleo.com\\\/blog\\\/las-razones-mas-habituales-por-las-que-un-empleado-deja-una-empresa\\\/\"},\"author\":{\"name\":\"Carolina Ca\u00f1ada\",\"@id\":\"https:\\\/\\\/www.oficinaempleo.com\\\/blog\\\/#\\\/schema\\\/person\\\/323628fee432f5770d26b0dbb82f8496\"},\"headline\":\"Las razones m\u00e1s habituales por las que un empleado deja una empresa\",\"datePublished\":\"2016-09-22T13:35:36+00:00\",\"dateModified\":\"2016-09-29T11:00:11+00:00\",\"mainEntityOfPage\":{\"@id\":\"https:\\\/\\\/www.oficinaempleo.com\\\/blog\\\/las-razones-mas-habituales-por-las-que-un-empleado-deja-una-empresa\\\/\"},\"wordCount\":470,\"commentCount\":0,\"publisher\":{\"@id\":\"https:\\\/\\\/www.oficinaempleo.com\\\/blog\\\/#organization\"},\"image\":{\"@id\":\"https:\\\/\\\/www.oficinaempleo.com\\\/blog\\\/las-razones-mas-habituales-por-las-que-un-empleado-deja-una-empresa\\\/#primaryimage\"},\"thumbnailUrl\":\"https:\\\/\\\/www.oficinaempleo.com\\\/blog\\\/wp-content\\\/uploads\\\/2015\\\/09\\\/Eric-Audras-Gtres-txt.jpg\",\"keywords\":[\"baja remuneraci\u00f3n\",\"competencia\",\"crecimiento profesional\",\"mal ambiente laboral\",\"mal clima laboral\",\"mobbing\",\"reconocimiento laboral\",\"reconocimiento profesional\",\"sueldo bajo\"],\"articleSection\":[\"Actualidad\",\"Consejos y Recursos\",\"Emprendedores\",\"Empresas\",\"Profesiones\",\"Psicolog\u00eda\",\"Recursos humanos\"],\"inLanguage\":\"es\",\"potentialAction\":[{\"@type\":\"CommentAction\",\"name\":\"Comment\",\"target\":[\"https:\\\/\\\/www.oficinaempleo.com\\\/blog\\\/las-razones-mas-habituales-por-las-que-un-empleado-deja-una-empresa\\\/#respond\"]}]},{\"@type\":\"WebPage\",\"@id\":\"https:\\\/\\\/www.oficinaempleo.com\\\/blog\\\/las-razones-mas-habituales-por-las-que-un-empleado-deja-una-empresa\\\/\",\"url\":\"https:\\\/\\\/www.oficinaempleo.com\\\/blog\\\/las-razones-mas-habituales-por-las-que-un-empleado-deja-una-empresa\\\/\",\"name\":\"Las razones m\u00e1s habituales por las que un empleado deja una empresa\",\"isPartOf\":{\"@id\":\"https:\\\/\\\/www.oficinaempleo.com\\\/blog\\\/#website\"},\"primaryImageOfPage\":{\"@id\":\"https:\\\/\\\/www.oficinaempleo.com\\\/blog\\\/las-razones-mas-habituales-por-las-que-un-empleado-deja-una-empresa\\\/#primaryimage\"},\"image\":{\"@id\":\"https:\\\/\\\/www.oficinaempleo.com\\\/blog\\\/las-razones-mas-habituales-por-las-que-un-empleado-deja-una-empresa\\\/#primaryimage\"},\"thumbnailUrl\":\"https:\\\/\\\/www.oficinaempleo.com\\\/blog\\\/wp-content\\\/uploads\\\/2015\\\/09\\\/Eric-Audras-Gtres-txt.jpg\",\"datePublished\":\"2016-09-22T13:35:36+00:00\",\"dateModified\":\"2016-09-29T11:00:11+00:00\",\"description\":\"Puede que resulte extra\u00f1o que una alguien abandone su trabajo en la actual situaci\u00f3n de crisis que vivimos. A\u00fan as\u00ed hay quienes lo hacen...\",\"breadcrumb\":{\"@id\":\"https:\\\/\\\/www.oficinaempleo.com\\\/blog\\\/las-razones-mas-habituales-por-las-que-un-empleado-deja-una-empresa\\\/#breadcrumb\"},\"inLanguage\":\"es\",\"potentialAction\":[{\"@type\":\"ReadAction\",\"target\":[\"https:\\\/\\\/www.oficinaempleo.com\\\/blog\\\/las-razones-mas-habituales-por-las-que-un-empleado-deja-una-empresa\\\/\"]}]},{\"@type\":\"ImageObject\",\"inLanguage\":\"es\",\"@id\":\"https:\\\/\\\/www.oficinaempleo.com\\\/blog\\\/las-razones-mas-habituales-por-las-que-un-empleado-deja-una-empresa\\\/#primaryimage\",\"url\":\"https:\\\/\\\/www.oficinaempleo.com\\\/blog\\\/wp-content\\\/uploads\\\/2015\\\/09\\\/Eric-Audras-Gtres-txt.jpg\",\"contentUrl\":\"https:\\\/\\\/www.oficinaempleo.com\\\/blog\\\/wp-content\\\/uploads\\\/2015\\\/09\\\/Eric-Audras-Gtres-txt.jpg\",\"width\":480,\"height\":290,\"caption\":\"Eric Audras, Gtres\"},{\"@type\":\"BreadcrumbList\",\"@id\":\"https:\\\/\\\/www.oficinaempleo.com\\\/blog\\\/las-razones-mas-habituales-por-las-que-un-empleado-deja-una-empresa\\\/#breadcrumb\",\"itemListElement\":[{\"@type\":\"ListItem\",\"position\":1,\"name\":\"Home\",\"item\":\"https:\\\/\\\/www.oficinaempleo.com\\\/blog\\\/\"},{\"@type\":\"ListItem\",\"position\":2,\"name\":\"Las razones m\u00e1s habituales por las que un empleado deja una empresa\"}]},{\"@type\":\"WebSite\",\"@id\":\"https:\\\/\\\/www.oficinaempleo.com\\\/blog\\\/#website\",\"url\":\"https:\\\/\\\/www.oficinaempleo.com\\\/blog\\\/\",\"name\":\"Noticias y Consejos de Empleo | Blog OficinaEmpleo\",\"description\":\"\",\"publisher\":{\"@id\":\"https:\\\/\\\/www.oficinaempleo.com\\\/blog\\\/#organization\"},\"potentialAction\":[{\"@type\":\"SearchAction\",\"target\":{\"@type\":\"EntryPoint\",\"urlTemplate\":\"https:\\\/\\\/www.oficinaempleo.com\\\/blog\\\/?s={search_term_string}\"},\"query-input\":{\"@type\":\"PropertyValueSpecification\",\"valueRequired\":true,\"valueName\":\"search_term_string\"}}],\"inLanguage\":\"es\"},{\"@type\":\"Organization\",\"@id\":\"https:\\\/\\\/www.oficinaempleo.com\\\/blog\\\/#organization\",\"name\":\"OficinaEmpleo\",\"url\":\"https:\\\/\\\/www.oficinaempleo.com\\\/blog\\\/\",\"logo\":{\"@type\":\"ImageObject\",\"inLanguage\":\"es\",\"@id\":\"https:\\\/\\\/www.oficinaempleo.com\\\/blog\\\/#\\\/schema\\\/logo\\\/image\\\/\",\"url\":\"https:\\\/\\\/www.oficinaempleo.com\\\/blog\\\/wp-content\\\/uploads\\\/2018\\\/10\\\/logo_footer-1.jpg\",\"contentUrl\":\"https:\\\/\\\/www.oficinaempleo.com\\\/blog\\\/wp-content\\\/uploads\\\/2018\\\/10\\\/logo_footer-1.jpg\",\"width\":478,\"height\":57,\"caption\":\"OficinaEmpleo\"},\"image\":{\"@id\":\"https:\\\/\\\/www.oficinaempleo.com\\\/blog\\\/#\\\/schema\\\/logo\\\/image\\\/\"},\"sameAs\":[\"https:\\\/\\\/x.com\\\/OficinaEmpleo\"]},{\"@type\":\"Person\",\"@id\":\"https:\\\/\\\/www.oficinaempleo.com\\\/blog\\\/#\\\/schema\\\/person\\\/323628fee432f5770d26b0dbb82f8496\",\"name\":\"Carolina Ca\u00f1ada\",\"image\":{\"@type\":\"ImageObject\",\"inLanguage\":\"es\",\"@id\":\"https:\\\/\\\/secure.gravatar.com\\\/avatar\\\/2faeba90b5a3e12607bd263c081c81655add5ebc0845107f28e759e9a7ce51de?s=96&d=mm&r=g\",\"url\":\"https:\\\/\\\/secure.gravatar.com\\\/avatar\\\/2faeba90b5a3e12607bd263c081c81655add5ebc0845107f28e759e9a7ce51de?s=96&d=mm&r=g\",\"contentUrl\":\"https:\\\/\\\/secure.gravatar.com\\\/avatar\\\/2faeba90b5a3e12607bd263c081c81655add5ebc0845107f28e759e9a7ce51de?s=96&d=mm&r=g\",\"caption\":\"Carolina Ca\u00f1ada\"},\"url\":\"https:\\\/\\\/www.oficinaempleo.com\\\/blog\\\/author\\\/carolina\\\/\"}]}<\/script>\n<!-- \/ Yoast SEO plugin. -->","yoast_head_json":{"title":"Las razones m\u00e1s habituales por las que un empleado deja una empresa","description":"Puede que resulte extra\u00f1o que una alguien abandone su trabajo en la actual situaci\u00f3n de crisis que vivimos. A\u00fan as\u00ed hay quienes lo hacen...","robots":{"index":"index","follow":"follow","max-snippet":"max-snippet:-1","max-image-preview":"max-image-preview:large","max-video-preview":"max-video-preview:-1"},"canonical":"https:\/\/www.oficinaempleo.com\/blog\/las-razones-mas-habituales-por-las-que-un-empleado-deja-una-empresa\/","og_locale":"es_ES","og_type":"article","og_title":"Las razones m\u00e1s habituales por las que un empleado deja una empresa","og_description":"Puede que resulte extra\u00f1o que una alguien abandone su trabajo en la actual situaci\u00f3n de crisis que vivimos. A\u00fan as\u00ed hay quienes lo hacen...","og_url":"https:\/\/www.oficinaempleo.com\/blog\/las-razones-mas-habituales-por-las-que-un-empleado-deja-una-empresa\/","og_site_name":"Noticias y consejos de empleo | Blog OficinaEmpleo","article_published_time":"2016-09-22T13:35:36+00:00","article_modified_time":"2016-09-29T11:00:11+00:00","og_image":[{"width":480,"height":290,"url":"https:\/\/www.oficinaempleo.com\/blog\/wp-content\/uploads\/2015\/09\/Eric-Audras-Gtres-txt.jpg","type":"image\/jpeg"}],"author":"Carolina Ca\u00f1ada","twitter_card":"summary_large_image","twitter_creator":"@OficinaEmpleo","twitter_site":"@OficinaEmpleo","twitter_misc":{"Written by":"Carolina Ca\u00f1ada","Est. reading time":"2 minutos"},"schema":{"@context":"https:\/\/schema.org","@graph":[{"@type":"Article","@id":"https:\/\/www.oficinaempleo.com\/blog\/las-razones-mas-habituales-por-las-que-un-empleado-deja-una-empresa\/#article","isPartOf":{"@id":"https:\/\/www.oficinaempleo.com\/blog\/las-razones-mas-habituales-por-las-que-un-empleado-deja-una-empresa\/"},"author":{"name":"Carolina Ca\u00f1ada","@id":"https:\/\/www.oficinaempleo.com\/blog\/#\/schema\/person\/323628fee432f5770d26b0dbb82f8496"},"headline":"Las razones m\u00e1s habituales por las que un empleado deja una empresa","datePublished":"2016-09-22T13:35:36+00:00","dateModified":"2016-09-29T11:00:11+00:00","mainEntityOfPage":{"@id":"https:\/\/www.oficinaempleo.com\/blog\/las-razones-mas-habituales-por-las-que-un-empleado-deja-una-empresa\/"},"wordCount":470,"commentCount":0,"publisher":{"@id":"https:\/\/www.oficinaempleo.com\/blog\/#organization"},"image":{"@id":"https:\/\/www.oficinaempleo.com\/blog\/las-razones-mas-habituales-por-las-que-un-empleado-deja-una-empresa\/#primaryimage"},"thumbnailUrl":"https:\/\/www.oficinaempleo.com\/blog\/wp-content\/uploads\/2015\/09\/Eric-Audras-Gtres-txt.jpg","keywords":["baja remuneraci\u00f3n","competencia","crecimiento profesional","mal ambiente laboral","mal clima laboral","mobbing","reconocimiento laboral","reconocimiento profesional","sueldo bajo"],"articleSection":["Actualidad","Consejos y Recursos","Emprendedores","Empresas","Profesiones","Psicolog\u00eda","Recursos humanos"],"inLanguage":"es","potentialAction":[{"@type":"CommentAction","name":"Comment","target":["https:\/\/www.oficinaempleo.com\/blog\/las-razones-mas-habituales-por-las-que-un-empleado-deja-una-empresa\/#respond"]}]},{"@type":"WebPage","@id":"https:\/\/www.oficinaempleo.com\/blog\/las-razones-mas-habituales-por-las-que-un-empleado-deja-una-empresa\/","url":"https:\/\/www.oficinaempleo.com\/blog\/las-razones-mas-habituales-por-las-que-un-empleado-deja-una-empresa\/","name":"Las razones m\u00e1s habituales por las que un empleado deja una empresa","isPartOf":{"@id":"https:\/\/www.oficinaempleo.com\/blog\/#website"},"primaryImageOfPage":{"@id":"https:\/\/www.oficinaempleo.com\/blog\/las-razones-mas-habituales-por-las-que-un-empleado-deja-una-empresa\/#primaryimage"},"image":{"@id":"https:\/\/www.oficinaempleo.com\/blog\/las-razones-mas-habituales-por-las-que-un-empleado-deja-una-empresa\/#primaryimage"},"thumbnailUrl":"https:\/\/www.oficinaempleo.com\/blog\/wp-content\/uploads\/2015\/09\/Eric-Audras-Gtres-txt.jpg","datePublished":"2016-09-22T13:35:36+00:00","dateModified":"2016-09-29T11:00:11+00:00","description":"Puede que resulte extra\u00f1o que una alguien abandone su trabajo en la actual situaci\u00f3n de crisis que vivimos. A\u00fan as\u00ed hay quienes lo hacen...","breadcrumb":{"@id":"https:\/\/www.oficinaempleo.com\/blog\/las-razones-mas-habituales-por-las-que-un-empleado-deja-una-empresa\/#breadcrumb"},"inLanguage":"es","potentialAction":[{"@type":"ReadAction","target":["https:\/\/www.oficinaempleo.com\/blog\/las-razones-mas-habituales-por-las-que-un-empleado-deja-una-empresa\/"]}]},{"@type":"ImageObject","inLanguage":"es","@id":"https:\/\/www.oficinaempleo.com\/blog\/las-razones-mas-habituales-por-las-que-un-empleado-deja-una-empresa\/#primaryimage","url":"https:\/\/www.oficinaempleo.com\/blog\/wp-content\/uploads\/2015\/09\/Eric-Audras-Gtres-txt.jpg","contentUrl":"https:\/\/www.oficinaempleo.com\/blog\/wp-content\/uploads\/2015\/09\/Eric-Audras-Gtres-txt.jpg","width":480,"height":290,"caption":"Eric Audras, Gtres"},{"@type":"BreadcrumbList","@id":"https:\/\/www.oficinaempleo.com\/blog\/las-razones-mas-habituales-por-las-que-un-empleado-deja-una-empresa\/#breadcrumb","itemListElement":[{"@type":"ListItem","position":1,"name":"Home","item":"https:\/\/www.oficinaempleo.com\/blog\/"},{"@type":"ListItem","position":2,"name":"Las razones m\u00e1s habituales por las que un empleado deja una empresa"}]},{"@type":"WebSite","@id":"https:\/\/www.oficinaempleo.com\/blog\/#website","url":"https:\/\/www.oficinaempleo.com\/blog\/","name":"Noticias y Consejos de Empleo | Blog OficinaEmpleo","description":"","publisher":{"@id":"https:\/\/www.oficinaempleo.com\/blog\/#organization"},"potentialAction":[{"@type":"SearchAction","target":{"@type":"EntryPoint","urlTemplate":"https:\/\/www.oficinaempleo.com\/blog\/?s={search_term_string}"},"query-input":{"@type":"PropertyValueSpecification","valueRequired":true,"valueName":"search_term_string"}}],"inLanguage":"es"},{"@type":"Organization","@id":"https:\/\/www.oficinaempleo.com\/blog\/#organization","name":"OficinaEmpleo","url":"https:\/\/www.oficinaempleo.com\/blog\/","logo":{"@type":"ImageObject","inLanguage":"es","@id":"https:\/\/www.oficinaempleo.com\/blog\/#\/schema\/logo\/image\/","url":"https:\/\/www.oficinaempleo.com\/blog\/wp-content\/uploads\/2018\/10\/logo_footer-1.jpg","contentUrl":"https:\/\/www.oficinaempleo.com\/blog\/wp-content\/uploads\/2018\/10\/logo_footer-1.jpg","width":478,"height":57,"caption":"OficinaEmpleo"},"image":{"@id":"https:\/\/www.oficinaempleo.com\/blog\/#\/schema\/logo\/image\/"},"sameAs":["https:\/\/x.com\/OficinaEmpleo"]},{"@type":"Person","@id":"https:\/\/www.oficinaempleo.com\/blog\/#\/schema\/person\/323628fee432f5770d26b0dbb82f8496","name":"Carolina Ca\u00f1ada","image":{"@type":"ImageObject","inLanguage":"es","@id":"https:\/\/secure.gravatar.com\/avatar\/2faeba90b5a3e12607bd263c081c81655add5ebc0845107f28e759e9a7ce51de?s=96&d=mm&r=g","url":"https:\/\/secure.gravatar.com\/avatar\/2faeba90b5a3e12607bd263c081c81655add5ebc0845107f28e759e9a7ce51de?s=96&d=mm&r=g","contentUrl":"https:\/\/secure.gravatar.com\/avatar\/2faeba90b5a3e12607bd263c081c81655add5ebc0845107f28e759e9a7ce51de?s=96&d=mm&r=g","caption":"Carolina Ca\u00f1ada"},"url":"https:\/\/www.oficinaempleo.com\/blog\/author\/carolina\/"}]}},"_links":{"self":[{"href":"https:\/\/www.oficinaempleo.com\/blog\/wp-json\/wp\/v2\/posts\/7817","targetHints":{"allow":["GET"]}}],"collection":[{"href":"https:\/\/www.oficinaempleo.com\/blog\/wp-json\/wp\/v2\/posts"}],"about":[{"href":"https:\/\/www.oficinaempleo.com\/blog\/wp-json\/wp\/v2\/types\/post"}],"author":[{"embeddable":true,"href":"https:\/\/www.oficinaempleo.com\/blog\/wp-json\/wp\/v2\/users\/6"}],"replies":[{"embeddable":true,"href":"https:\/\/www.oficinaempleo.com\/blog\/wp-json\/wp\/v2\/comments?post=7817"}],"version-history":[{"count":0,"href":"https:\/\/www.oficinaempleo.com\/blog\/wp-json\/wp\/v2\/posts\/7817\/revisions"}],"wp:featuredmedia":[{"embeddable":true,"href":"https:\/\/www.oficinaempleo.com\/blog\/wp-json\/wp\/v2\/media\/7837"}],"wp:attachment":[{"href":"https:\/\/www.oficinaempleo.com\/blog\/wp-json\/wp\/v2\/media?parent=7817"}],"wp:term":[{"taxonomy":"category","embeddable":true,"href":"https:\/\/www.oficinaempleo.com\/blog\/wp-json\/wp\/v2\/categories?post=7817"},{"taxonomy":"post_tag","embeddable":true,"href":"https:\/\/www.oficinaempleo.com\/blog\/wp-json\/wp\/v2\/tags?post=7817"}],"curies":[{"name":"wp","href":"https:\/\/api.w.org\/{rel}","templated":true}]}}