{"id":8607,"date":"2015-10-28T11:15:58","date_gmt":"2015-10-28T09:15:58","guid":{"rendered":"http:\/\/www.oficinaempleo.com\/blog\/?p=8607"},"modified":"2023-02-14T12:18:13","modified_gmt":"2023-02-14T11:18:13","slug":"como-trabajar-en-save-the-children","status":"publish","type":"post","link":"https:\/\/www.oficinaempleo.com\/blog\/como-trabajar-en-save-the-children\/","title":{"rendered":"C\u00f3mo trabajar en Save the Children"},"content":{"rendered":"<p style=\"text-align: justify;\"><div class=\"su-button-center\"><a href=\"https:\/\/jobs.oficinaempleo.com\/registro?origen=ORG-web&#038;utm_source=OE&#038;utm_medium=boton_registro&#038;utm_content=homepage&#038;utm_campaign=organic\" class=\"su-button su-button-style-flat\" style=\"color:#FFFFFF;background-color:#ec7d0c;border-color:#bd640a;border-radius:10px\" target=\"__blank\"><span style=\"color:#FFFFFF;padding:8px 26px;font-size:20px;line-height:30px;border-color:#f2a455;border-radius:10px;text-shadow:none\"><i class=\"sui sui-arrow-circle-right\" style=\"font-size:20px;color:#FFFFFF\"><\/i> Reg\u00edstrate gratis en OficinaEmpleo<\/span><\/a><\/div><div class=\"su-spacer\" style=\"height:30px\"><\/div>\n<p style=\"text-align: justify;\">\u201cVemos el mundo a trav\u00e9s de los ojos de millones de ni\u00f1os que viven en las situaciones m\u00e1s vulnerables. Conocemos junto a ellos su realidad, sabemos c\u00f3mo les afecta lo que viven y les acompa\u00f1amos en su d\u00eda a d\u00eda trabajando para que tengan un presente y un futuro mejor. Luchamos para que en cualquier parte del mundo se respeten los derechos de la infancia y se acabe con las situaciones de pobreza, desigualdad y violencia que viven millones de ni\u00f1os. Estamos all\u00ed donde m\u00e1s nos necesitan, llegamos donde cuesta m\u00e1s llegar, pero donde es m\u00e1s necesario estar\u201d.<\/p>\n<p style=\"text-align: justify;\">As\u00ed se define <a href=\"https:\/\/www.savethechildren.es\/\">en su p\u00e1gina web<\/a> esta casi centenaria <strong>ONG<\/strong> que trabaja <strong>en 120 pa\u00edses del mundo<\/strong>, financiada por socios, instituciones, empresas y donantes. Si te gusta el mundo de la <strong>cooperaci\u00f3n<\/strong> y sobre todo <strong>ayudar a los ni\u00f1os m\u00e1s desfavorecidos<\/strong>, a trav\u00e9s de <a href=\"https:\/\/www.savethechildren.es\/\">Save the Children<\/a> tambi\u00e9n puedes desarrollar tu carrera laboral. Nosotros te contamos c\u00f3mo.<\/p>\n<p>&nbsp;<\/p>\n<p style=\"text-align: justify;\">Es importante que sepas que esta ONG realiza sus ofertas de trabajo a trav\u00e9s de su propia p\u00e1gina web, que cuenta con <a href=\"https:\/\/www.savethechildren.es\/ofertas-empleo\">un apartado de <strong>ofertas de empleo<\/strong><\/a>.<\/p>\n<p style=\"text-align: justify;\">Has de estar atento a sus actualizaciones porque <a href=\"https:\/\/www.savethechildren.es\/ofertas-empleo\">es aqu\u00ed<\/a> donde cuelgan las <strong>ofertas de empleo<\/strong>.<\/p>\n<p style=\"text-align: justify;\">Antes de optar a cualquier puesto, lee atentamente esta peque\u00f1a <strong>declaraci\u00f3n de intenciones<\/strong>: \u201cBuscamos personas comprometidas con la misi\u00f3n y los derechos de la infancia, y nuestros procesos de selecci\u00f3n se basan en una pol\u00edtica activa de igualdad de oportunidades, sin hacer ning\u00fan tipo de discriminaci\u00f3n por g\u00e9nero, raza o religi\u00f3n\u201d.<\/p>\n<p style=\"text-align: justify;\">Esa es a grandes rasgos la <strong>pol\u00edtica de contrataciones de la ONG<\/strong> as\u00ed que si te sientes identificado, adelante.<\/p>\n<p style=\"text-align: justify;\">En el momento de la redacci\u00f3n de este art\u00edculo, manten\u00eda una oferta de empleo abierta: <a href=\"https:\/\/www.savethechildren.es\/ofertas-empleo\/empleo\/educador\/de-refuerzo-escolar-y-centro-abierto-barcelona\">Educador\/a de refuerzo escolar y centro abierto en Barcelona<\/a>.<\/p>\n<p style=\"text-align: justify;\">Es importante se\u00f1alar que dentro de las <strong>ofertas<\/strong> que publica la ONG hay <strong>tres tipos diferentes<\/strong>, las de Espa\u00f1a con su equipo de Acci\u00f3n Social; las de Cooperaci\u00f3n Internacional (en el extranjero); y para unirse al equipo de voluntarios.<\/p>\n<p style=\"text-align: justify;\">En este sentido de hecho tiene abiertas <strong>dos bolsas de empleo<\/strong>, una tanto para Acci\u00f3n Social (Espa\u00f1a) y otra para Cooperaci\u00f3n Internacional, a las que te puedes apuntar.<\/p>\n<p style=\"text-align: justify;\">Obviamente, las ofertas de empleo estar\u00e1n relacionadas con las disciplinas de car\u00e1cter social, aunque tambi\u00e9n es cierto que al ser una organizaci\u00f3n tan grande necesitar\u00e1n todo tipo de perfiles as\u00ed que no pierdas atenci\u00f3n a la web de la ONG.<\/p>\n<p style=\"text-align: justify;\"><div class=\"su-button-center\"><a href=\"https:\/\/jobs.oficinaempleo.com\/registro?origen=ORG-web&#038;utm_source=OE&#038;utm_medium=boton_registro&#038;utm_content=homepage&#038;utm_campaign=organic\" class=\"su-button su-button-style-flat\" style=\"color:#FFFFFF;background-color:#ec7d0c;border-color:#bd640a;border-radius:10px\" target=\"__blank\"><span style=\"color:#FFFFFF;padding:8px 26px;font-size:20px;line-height:30px;border-color:#f2a455;border-radius:10px;text-shadow:none\"><i class=\"sui sui-arrow-circle-right\" style=\"font-size:20px;color:#FFFFFF\"><\/i> Reg\u00edstrate gratis en OficinaEmpleo<\/span><\/a><\/div>\n","protected":false},"excerpt":{"rendered":"<p>\u00bfTe gustar\u00eda formar parte de esta ONG? A continuaci\u00f3n te explicamos c\u00f3mo puedes hacerlo.<\/p>\n","protected":false},"author":5,"featured_media":8609,"comment_status":"open","ping_status":"open","sticky":false,"template":"","format":"standard","meta":{"footnotes":""},"categories":[12,637],"tags":[2782,24,1064,1431,2783,2784,1430],"class_list":["post-8607","post","type-post","status-publish","format-standard","has-post-thumbnail","hentry","category-consejos-y-recursos","category-empleo-internacional-2","tag-cooperacion-internacional","tag-empleo","tag-oferta-de-empleo","tag-ong","tag-save-the-children","tag-tercer-sector","tag-voluntariado","cat-12-id","cat-637-id","has_thumb"],"yoast_head":"<!-- This site is optimized with the Yoast SEO plugin v27.1.1 - https:\/\/yoast.com\/product\/yoast-seo-wordpress\/ -->\n<title>C\u00f3mo trabajar en Save the Children - Blog OficinaEmpleo<\/title>\n<meta name=\"robots\" content=\"index, follow, max-snippet:-1, max-image-preview:large, max-video-preview:-1\" \/>\n<link rel=\"canonical\" href=\"https:\/\/www.oficinaempleo.com\/blog\/como-trabajar-en-save-the-children\/\" \/>\n<meta property=\"og:locale\" content=\"es_ES\" \/>\n<meta property=\"og:type\" content=\"article\" \/>\n<meta property=\"og:title\" content=\"C\u00f3mo trabajar en Save the Children - Blog OficinaEmpleo\" \/>\n<meta property=\"og:description\" content=\"\u00bfTe gustar\u00eda formar parte de esta ONG? A continuaci\u00f3n te explicamos c\u00f3mo puedes hacerlo.\" \/>\n<meta property=\"og:url\" content=\"https:\/\/www.oficinaempleo.com\/blog\/como-trabajar-en-save-the-children\/\" \/>\n<meta property=\"og:site_name\" content=\"Noticias y consejos de empleo | Blog OficinaEmpleo\" \/>\n<meta property=\"article:published_time\" content=\"2015-10-28T09:15:58+00:00\" \/>\n<meta property=\"article:modified_time\" content=\"2023-02-14T11:18:13+00:00\" \/>\n<meta property=\"og:image\" content=\"https:\/\/www.oficinaempleo.com\/blog\/wp-content\/uploads\/2015\/10\/children_destacada.jpg\" \/>\n\t<meta property=\"og:image:width\" content=\"590\" \/>\n\t<meta property=\"og:image:height\" content=\"315\" \/>\n\t<meta property=\"og:image:type\" content=\"image\/jpeg\" \/>\n<meta name=\"author\" content=\"David Garc\u00eda\" \/>\n<meta name=\"twitter:card\" content=\"summary_large_image\" \/>\n<meta name=\"twitter:creator\" content=\"@OficinaEmpleo\" \/>\n<meta name=\"twitter:site\" content=\"@OficinaEmpleo\" \/>\n<meta name=\"twitter:label1\" content=\"Written by\" \/>\n\t<meta name=\"twitter:data1\" content=\"David Garc\u00eda\" \/>\n\t<meta name=\"twitter:label2\" content=\"Est. reading time\" \/>\n\t<meta name=\"twitter:data2\" content=\"2 minutos\" \/>\n<script type=\"application\/ld+json\" class=\"yoast-schema-graph\">{\"@context\":\"https:\/\/schema.org\",\"@graph\":[{\"@type\":\"Article\",\"@id\":\"https:\/\/www.oficinaempleo.com\/blog\/como-trabajar-en-save-the-children\/#article\",\"isPartOf\":{\"@id\":\"https:\/\/www.oficinaempleo.com\/blog\/como-trabajar-en-save-the-children\/\"},\"author\":{\"name\":\"David Garc\u00eda\",\"@id\":\"https:\/\/www.oficinaempleo.com\/blog\/#\/schema\/person\/fb90e38571c727c56dd2231966ab3358\"},\"headline\":\"C\u00f3mo trabajar en Save the Children\",\"datePublished\":\"2015-10-28T09:15:58+00:00\",\"dateModified\":\"2023-02-14T11:18:13+00:00\",\"mainEntityOfPage\":{\"@id\":\"https:\/\/www.oficinaempleo.com\/blog\/como-trabajar-en-save-the-children\/\"},\"wordCount\":523,\"commentCount\":0,\"publisher\":{\"@id\":\"https:\/\/www.oficinaempleo.com\/blog\/#organization\"},\"image\":{\"@id\":\"https:\/\/www.oficinaempleo.com\/blog\/como-trabajar-en-save-the-children\/#primaryimage\"},\"thumbnailUrl\":\"https:\/\/www.oficinaempleo.com\/blog\/wp-content\/uploads\/2015\/10\/children_destacada.jpg\",\"keywords\":[\"cooperaci\u00f3n internacional\",\"empleo\",\"oferta de empleo\",\"ong\",\"save the children\",\"tercer sector\",\"voluntariado\"],\"articleSection\":[\"Consejos y Recursos\",\"Empleo Internacional\"],\"inLanguage\":\"es\",\"potentialAction\":[{\"@type\":\"CommentAction\",\"name\":\"Comment\",\"target\":[\"https:\/\/www.oficinaempleo.com\/blog\/como-trabajar-en-save-the-children\/#respond\"]}]},{\"@type\":\"WebPage\",\"@id\":\"https:\/\/www.oficinaempleo.com\/blog\/como-trabajar-en-save-the-children\/\",\"url\":\"https:\/\/www.oficinaempleo.com\/blog\/como-trabajar-en-save-the-children\/\",\"name\":\"C\u00f3mo trabajar en Save the Children - Blog OficinaEmpleo\",\"isPartOf\":{\"@id\":\"https:\/\/www.oficinaempleo.com\/blog\/#website\"},\"primaryImageOfPage\":{\"@id\":\"https:\/\/www.oficinaempleo.com\/blog\/como-trabajar-en-save-the-children\/#primaryimage\"},\"image\":{\"@id\":\"https:\/\/www.oficinaempleo.com\/blog\/como-trabajar-en-save-the-children\/#primaryimage\"},\"thumbnailUrl\":\"https:\/\/www.oficinaempleo.com\/blog\/wp-content\/uploads\/2015\/10\/children_destacada.jpg\",\"datePublished\":\"2015-10-28T09:15:58+00:00\",\"dateModified\":\"2023-02-14T11:18:13+00:00\",\"breadcrumb\":{\"@id\":\"https:\/\/www.oficinaempleo.com\/blog\/como-trabajar-en-save-the-children\/#breadcrumb\"},\"inLanguage\":\"es\",\"potentialAction\":[{\"@type\":\"ReadAction\",\"target\":[\"https:\/\/www.oficinaempleo.com\/blog\/como-trabajar-en-save-the-children\/\"]}]},{\"@type\":\"ImageObject\",\"inLanguage\":\"es\",\"@id\":\"https:\/\/www.oficinaempleo.com\/blog\/como-trabajar-en-save-the-children\/#primaryimage\",\"url\":\"https:\/\/www.oficinaempleo.com\/blog\/wp-content\/uploads\/2015\/10\/children_destacada.jpg\",\"contentUrl\":\"https:\/\/www.oficinaempleo.com\/blog\/wp-content\/uploads\/2015\/10\/children_destacada.jpg\",\"width\":590,\"height\":315},{\"@type\":\"BreadcrumbList\",\"@id\":\"https:\/\/www.oficinaempleo.com\/blog\/como-trabajar-en-save-the-children\/#breadcrumb\",\"itemListElement\":[{\"@type\":\"ListItem\",\"position\":1,\"name\":\"Home\",\"item\":\"https:\/\/www.oficinaempleo.com\/blog\/\"},{\"@type\":\"ListItem\",\"position\":2,\"name\":\"C\u00f3mo trabajar en Save the Children\"}]},{\"@type\":\"WebSite\",\"@id\":\"https:\/\/www.oficinaempleo.com\/blog\/#website\",\"url\":\"https:\/\/www.oficinaempleo.com\/blog\/\",\"name\":\"Noticias y Consejos de Empleo | Blog OficinaEmpleo\",\"description\":\"\",\"publisher\":{\"@id\":\"https:\/\/www.oficinaempleo.com\/blog\/#organization\"},\"potentialAction\":[{\"@type\":\"SearchAction\",\"target\":{\"@type\":\"EntryPoint\",\"urlTemplate\":\"https:\/\/www.oficinaempleo.com\/blog\/?s={search_term_string}\"},\"query-input\":{\"@type\":\"PropertyValueSpecification\",\"valueRequired\":true,\"valueName\":\"search_term_string\"}}],\"inLanguage\":\"es\"},{\"@type\":\"Organization\",\"@id\":\"https:\/\/www.oficinaempleo.com\/blog\/#organization\",\"name\":\"OficinaEmpleo\",\"url\":\"https:\/\/www.oficinaempleo.com\/blog\/\",\"logo\":{\"@type\":\"ImageObject\",\"inLanguage\":\"es\",\"@id\":\"https:\/\/www.oficinaempleo.com\/blog\/#\/schema\/logo\/image\/\",\"url\":\"https:\/\/www.oficinaempleo.com\/blog\/wp-content\/uploads\/2018\/10\/logo_footer-1.jpg\",\"contentUrl\":\"https:\/\/www.oficinaempleo.com\/blog\/wp-content\/uploads\/2018\/10\/logo_footer-1.jpg\",\"width\":478,\"height\":57,\"caption\":\"OficinaEmpleo\"},\"image\":{\"@id\":\"https:\/\/www.oficinaempleo.com\/blog\/#\/schema\/logo\/image\/\"},\"sameAs\":[\"https:\/\/x.com\/OficinaEmpleo\"]},{\"@type\":\"Person\",\"@id\":\"https:\/\/www.oficinaempleo.com\/blog\/#\/schema\/person\/fb90e38571c727c56dd2231966ab3358\",\"name\":\"David Garc\u00eda\",\"image\":{\"@type\":\"ImageObject\",\"inLanguage\":\"es\",\"@id\":\"https:\/\/www.oficinaempleo.com\/blog\/#\/schema\/person\/image\/\",\"url\":\"https:\/\/secure.gravatar.com\/avatar\/e790fd54d7ada3dd19d3bebd1baf92ae088ffc6c3574e2d74d180130b4099a61?s=96&d=mm&r=g\",\"contentUrl\":\"https:\/\/secure.gravatar.com\/avatar\/e790fd54d7ada3dd19d3bebd1baf92ae088ffc6c3574e2d74d180130b4099a61?s=96&d=mm&r=g\",\"caption\":\"David Garc\u00eda\"},\"url\":\"https:\/\/www.oficinaempleo.com\/blog\/author\/david\/\"}]}<\/script>\n<!-- \/ Yoast SEO plugin. -->","yoast_head_json":{"title":"C\u00f3mo trabajar en Save the Children - Blog OficinaEmpleo","robots":{"index":"index","follow":"follow","max-snippet":"max-snippet:-1","max-image-preview":"max-image-preview:large","max-video-preview":"max-video-preview:-1"},"canonical":"https:\/\/www.oficinaempleo.com\/blog\/como-trabajar-en-save-the-children\/","og_locale":"es_ES","og_type":"article","og_title":"C\u00f3mo trabajar en Save the Children - Blog OficinaEmpleo","og_description":"\u00bfTe gustar\u00eda formar parte de esta ONG? A continuaci\u00f3n te explicamos c\u00f3mo puedes hacerlo.","og_url":"https:\/\/www.oficinaempleo.com\/blog\/como-trabajar-en-save-the-children\/","og_site_name":"Noticias y consejos de empleo | Blog OficinaEmpleo","article_published_time":"2015-10-28T09:15:58+00:00","article_modified_time":"2023-02-14T11:18:13+00:00","og_image":[{"width":590,"height":315,"url":"https:\/\/www.oficinaempleo.com\/blog\/wp-content\/uploads\/2015\/10\/children_destacada.jpg","type":"image\/jpeg"}],"author":"David Garc\u00eda","twitter_card":"summary_large_image","twitter_creator":"@OficinaEmpleo","twitter_site":"@OficinaEmpleo","twitter_misc":{"Written by":"David Garc\u00eda","Est. reading time":"2 minutos"},"schema":{"@context":"https:\/\/schema.org","@graph":[{"@type":"Article","@id":"https:\/\/www.oficinaempleo.com\/blog\/como-trabajar-en-save-the-children\/#article","isPartOf":{"@id":"https:\/\/www.oficinaempleo.com\/blog\/como-trabajar-en-save-the-children\/"},"author":{"name":"David Garc\u00eda","@id":"https:\/\/www.oficinaempleo.com\/blog\/#\/schema\/person\/fb90e38571c727c56dd2231966ab3358"},"headline":"C\u00f3mo trabajar en Save the Children","datePublished":"2015-10-28T09:15:58+00:00","dateModified":"2023-02-14T11:18:13+00:00","mainEntityOfPage":{"@id":"https:\/\/www.oficinaempleo.com\/blog\/como-trabajar-en-save-the-children\/"},"wordCount":523,"commentCount":0,"publisher":{"@id":"https:\/\/www.oficinaempleo.com\/blog\/#organization"},"image":{"@id":"https:\/\/www.oficinaempleo.com\/blog\/como-trabajar-en-save-the-children\/#primaryimage"},"thumbnailUrl":"https:\/\/www.oficinaempleo.com\/blog\/wp-content\/uploads\/2015\/10\/children_destacada.jpg","keywords":["cooperaci\u00f3n internacional","empleo","oferta de empleo","ong","save the children","tercer sector","voluntariado"],"articleSection":["Consejos y Recursos","Empleo Internacional"],"inLanguage":"es","potentialAction":[{"@type":"CommentAction","name":"Comment","target":["https:\/\/www.oficinaempleo.com\/blog\/como-trabajar-en-save-the-children\/#respond"]}]},{"@type":"WebPage","@id":"https:\/\/www.oficinaempleo.com\/blog\/como-trabajar-en-save-the-children\/","url":"https:\/\/www.oficinaempleo.com\/blog\/como-trabajar-en-save-the-children\/","name":"C\u00f3mo trabajar en Save the Children - Blog OficinaEmpleo","isPartOf":{"@id":"https:\/\/www.oficinaempleo.com\/blog\/#website"},"primaryImageOfPage":{"@id":"https:\/\/www.oficinaempleo.com\/blog\/como-trabajar-en-save-the-children\/#primaryimage"},"image":{"@id":"https:\/\/www.oficinaempleo.com\/blog\/como-trabajar-en-save-the-children\/#primaryimage"},"thumbnailUrl":"https:\/\/www.oficinaempleo.com\/blog\/wp-content\/uploads\/2015\/10\/children_destacada.jpg","datePublished":"2015-10-28T09:15:58+00:00","dateModified":"2023-02-14T11:18:13+00:00","breadcrumb":{"@id":"https:\/\/www.oficinaempleo.com\/blog\/como-trabajar-en-save-the-children\/#breadcrumb"},"inLanguage":"es","potentialAction":[{"@type":"ReadAction","target":["https:\/\/www.oficinaempleo.com\/blog\/como-trabajar-en-save-the-children\/"]}]},{"@type":"ImageObject","inLanguage":"es","@id":"https:\/\/www.oficinaempleo.com\/blog\/como-trabajar-en-save-the-children\/#primaryimage","url":"https:\/\/www.oficinaempleo.com\/blog\/wp-content\/uploads\/2015\/10\/children_destacada.jpg","contentUrl":"https:\/\/www.oficinaempleo.com\/blog\/wp-content\/uploads\/2015\/10\/children_destacada.jpg","width":590,"height":315},{"@type":"BreadcrumbList","@id":"https:\/\/www.oficinaempleo.com\/blog\/como-trabajar-en-save-the-children\/#breadcrumb","itemListElement":[{"@type":"ListItem","position":1,"name":"Home","item":"https:\/\/www.oficinaempleo.com\/blog\/"},{"@type":"ListItem","position":2,"name":"C\u00f3mo trabajar en Save the Children"}]},{"@type":"WebSite","@id":"https:\/\/www.oficinaempleo.com\/blog\/#website","url":"https:\/\/www.oficinaempleo.com\/blog\/","name":"Noticias y Consejos de Empleo | Blog OficinaEmpleo","description":"","publisher":{"@id":"https:\/\/www.oficinaempleo.com\/blog\/#organization"},"potentialAction":[{"@type":"SearchAction","target":{"@type":"EntryPoint","urlTemplate":"https:\/\/www.oficinaempleo.com\/blog\/?s={search_term_string}"},"query-input":{"@type":"PropertyValueSpecification","valueRequired":true,"valueName":"search_term_string"}}],"inLanguage":"es"},{"@type":"Organization","@id":"https:\/\/www.oficinaempleo.com\/blog\/#organization","name":"OficinaEmpleo","url":"https:\/\/www.oficinaempleo.com\/blog\/","logo":{"@type":"ImageObject","inLanguage":"es","@id":"https:\/\/www.oficinaempleo.com\/blog\/#\/schema\/logo\/image\/","url":"https:\/\/www.oficinaempleo.com\/blog\/wp-content\/uploads\/2018\/10\/logo_footer-1.jpg","contentUrl":"https:\/\/www.oficinaempleo.com\/blog\/wp-content\/uploads\/2018\/10\/logo_footer-1.jpg","width":478,"height":57,"caption":"OficinaEmpleo"},"image":{"@id":"https:\/\/www.oficinaempleo.com\/blog\/#\/schema\/logo\/image\/"},"sameAs":["https:\/\/x.com\/OficinaEmpleo"]},{"@type":"Person","@id":"https:\/\/www.oficinaempleo.com\/blog\/#\/schema\/person\/fb90e38571c727c56dd2231966ab3358","name":"David Garc\u00eda","image":{"@type":"ImageObject","inLanguage":"es","@id":"https:\/\/www.oficinaempleo.com\/blog\/#\/schema\/person\/image\/","url":"https:\/\/secure.gravatar.com\/avatar\/e790fd54d7ada3dd19d3bebd1baf92ae088ffc6c3574e2d74d180130b4099a61?s=96&d=mm&r=g","contentUrl":"https:\/\/secure.gravatar.com\/avatar\/e790fd54d7ada3dd19d3bebd1baf92ae088ffc6c3574e2d74d180130b4099a61?s=96&d=mm&r=g","caption":"David Garc\u00eda"},"url":"https:\/\/www.oficinaempleo.com\/blog\/author\/david\/"}]}},"_links":{"self":[{"href":"https:\/\/www.oficinaempleo.com\/blog\/wp-json\/wp\/v2\/posts\/8607","targetHints":{"allow":["GET"]}}],"collection":[{"href":"https:\/\/www.oficinaempleo.com\/blog\/wp-json\/wp\/v2\/posts"}],"about":[{"href":"https:\/\/www.oficinaempleo.com\/blog\/wp-json\/wp\/v2\/types\/post"}],"author":[{"embeddable":true,"href":"https:\/\/www.oficinaempleo.com\/blog\/wp-json\/wp\/v2\/users\/5"}],"replies":[{"embeddable":true,"href":"https:\/\/www.oficinaempleo.com\/blog\/wp-json\/wp\/v2\/comments?post=8607"}],"version-history":[{"count":1,"href":"https:\/\/www.oficinaempleo.com\/blog\/wp-json\/wp\/v2\/posts\/8607\/revisions"}],"predecessor-version":[{"id":32247,"href":"https:\/\/www.oficinaempleo.com\/blog\/wp-json\/wp\/v2\/posts\/8607\/revisions\/32247"}],"wp:featuredmedia":[{"embeddable":true,"href":"https:\/\/www.oficinaempleo.com\/blog\/wp-json\/wp\/v2\/media\/8609"}],"wp:attachment":[{"href":"https:\/\/www.oficinaempleo.com\/blog\/wp-json\/wp\/v2\/media?parent=8607"}],"wp:term":[{"taxonomy":"category","embeddable":true,"href":"https:\/\/www.oficinaempleo.com\/blog\/wp-json\/wp\/v2\/categories?post=8607"},{"taxonomy":"post_tag","embeddable":true,"href":"https:\/\/www.oficinaempleo.com\/blog\/wp-json\/wp\/v2\/tags?post=8607"}],"curies":[{"name":"wp","href":"https:\/\/api.w.org\/{rel}","templated":true}]}}