{"id":9443,"date":"2015-12-11T14:30:27","date_gmt":"2015-12-11T12:30:27","guid":{"rendered":"http:\/\/www.oficinaempleo.com\/blog\/?p=9443"},"modified":"2015-12-11T14:30:27","modified_gmt":"2015-12-11T12:30:27","slug":"se-necesitan-200-figurantes-para-serie-de-television","status":"publish","type":"post","link":"https:\/\/www.oficinaempleo.com\/blog\/se-necesitan-200-figurantes-para-serie-de-television\/","title":{"rendered":"Se necesitan 200 figurantes para serie de televisi\u00f3n"},"content":{"rendered":"<p style=\"text-align: justify;\"><div class=\"su-button-center\"><a href=\"https:\/\/jobs.oficinaempleo.com\/registro?origen=ORG-web&#038;utm_source=OE&#038;utm_medium=boton_registro&#038;utm_content=homepage&#038;utm_campaign=organic\" class=\"su-button su-button-style-flat\" style=\"color:#FFFFFF;background-color:#ec7d0c;border-color:#bd640a;border-radius:10px\" target=\"__blank\"><span style=\"color:#FFFFFF;padding:8px 26px;font-size:20px;line-height:30px;border-color:#f2a455;border-radius:10px;text-shadow:none\"><i class=\"sui sui-arrow-circle-right\" style=\"font-size:20px;color:#FFFFFF\"><\/i> Reg\u00edstrate gratis en OficinaEmpleo<\/span><\/a><\/div><div class=\"su-spacer\" style=\"height:30px\"><\/div>\n<p style=\"text-align: justify;\"><img loading=\"lazy\" decoding=\"async\" class=\"alignnone  wp-image-9447\" src=\"http:\/\/www.oficinaempleo.com\/blog\/wp-content\/uploads\/2015\/12\/figurantes-epoca-FB.jpg\" alt=\"figurantes - epoca FB\" width=\"1059\" height=\"526\" \/><\/p>\n<p style=\"text-align: justify;\"><a href=\"https:\/\/www.adeccoaudiovisual.com\/general\/Inicio.aspx\" ><strong>Adecco Audiovisual<\/strong><\/a>,  la divisi\u00f3n de Adecco especializada en el reclutamiento,  selecci\u00f3n,  evaluaci\u00f3n, formaci\u00f3n y puesta a disposici\u00f3n de profesionales para empresas del sector audiovisual, precisa incorporar <strong>200 figurantes<\/strong> para la grabaci\u00f3n de <strong>serie de televisi\u00f3n de \u00e9poca espa\u00f1ola<\/strong> (la serie estar\u00e1 basada en los a\u00f1os 50). Se necesitan tanto <strong>perfiles t\u00e9cnicos <\/strong>como<strong> art\u00edsticos<\/strong> para participar en el rodaje de la serie y el <strong>proceso de selecci\u00f3n<\/strong>, que tendr\u00e1 lugar en Madrid, comienza este mes y finalizar\u00e1 a principios del a\u00f1o que viene.<\/p>\n<p style=\"text-align: justify;\">En dicho <strong>proceso de selecci\u00f3n<\/strong> se valorar\u00e1 muy positivamente que los candidatos cumplan con los siguientes<strong> requisitos<\/strong>:<\/p>\n<p style=\"text-align: justify;\">&#8211; Corte de pelo cl\u00e1sico<\/p>\n<p style=\"text-align: justify;\">&#8211; Sin tinte ni mechas<\/p>\n<p style=\"text-align: justify;\">&#8211; Sin barba<\/p>\n<p style=\"text-align: justify;\">&#8211; Sin piercings y sin tatuajes en zonas visibles del cuerpo.<\/p>\n<p style=\"text-align: justify;\">Los <strong>interesados<\/strong> en presentarse al casting para la selecci\u00f3n de los figurantes deber\u00e1n enviar un email a esta direcci\u00f3n con los siguientes datos:<\/p>\n<p style=\"text-align: justify;\">&#8211; 2 fotos actuales (una de cara y otra de cuerpo entero).<\/p>\n<p style=\"text-align: justify;\">&#8211; Tel\u00e9fono de contacto.<\/p>\n<p style=\"text-align: justify;\">&#8211; Ciudad de residencia<\/p>\n<p style=\"text-align: justify;\">&#8211; Talla de ropa<\/p>\n<p style=\"text-align: justify;\">&#8211; Inscribirse en la web.<\/p>\n<p style=\"text-align: justify;\">Registr\u00e1ndote en\u00a0<strong>oficinaempleo<\/strong>, podr\u00e1s encontrar m\u00e1s <strong><a href=\"http:\/\/www.oficinaempleo.com\/oferta-empleo\/nuevas-ofertas-de-empleo-de-figurantes-5404568.html\" >ofertas de empleo<\/a><\/strong> relativas a figurantes de televisi\u00f3n.<\/p>\n<p style=\"text-align: justify;\"><div class=\"su-button-center\"><a href=\"https:\/\/jobs.oficinaempleo.com\/registro?origen=ORG-web&#038;utm_source=OE&#038;utm_medium=boton_registro&#038;utm_content=homepage&#038;utm_campaign=organic\" class=\"su-button su-button-style-flat\" style=\"color:#FFFFFF;background-color:#ec7d0c;border-color:#bd640a;border-radius:10px\" target=\"__blank\"><span style=\"color:#FFFFFF;padding:8px 26px;font-size:20px;line-height:30px;border-color:#f2a455;border-radius:10px;text-shadow:none\"><i class=\"sui sui-arrow-circle-right\" style=\"font-size:20px;color:#FFFFFF\"><\/i> Reg\u00edstrate gratis en OficinaEmpleo<\/span><\/a><\/div><div class=\"su-spacer\" style=\"height:30px\"><\/div>\n","protected":false},"excerpt":{"rendered":"<p>Si est\u00e1s interesado en esta oferta, inf\u00f3rmate aqu\u00ed c\u00f3mo puedes acceder a ella.<\/p>\n","protected":false},"author":2,"featured_media":9451,"comment_status":"open","ping_status":"open","sticky":false,"template":"","format":"standard","meta":{"footnotes":""},"categories":[1],"tags":[2110,1304,910,24,3085,1356,1218,2332,2863,2206,2338,1802,1408,1233,2148,1063],"class_list":["post-9443","post","type-post","status-publish","format-standard","has-post-thumbnail","hentry","category-sin-categoria","tag-candidatos","tag-casting","tag-cine","tag-empleo","tag-epoca","tag-figurantes","tag-madrid","tag-ofertas","tag-proceso-seleccion","tag-puestos","tag-seleccion","tag-serie","tag-television","tag-trabajar","tag-tv","tag-vacantes","cat-1-id","has_thumb"],"yoast_head":"<!-- This site is optimized with the Yoast SEO plugin v27.1.1 - https:\/\/yoast.com\/product\/yoast-seo-wordpress\/ -->\n<title>Se necesitan 200 figurantes para serie de televisi\u00f3n - Blog OficinaEmpleo<\/title>\n<meta name=\"robots\" content=\"index, follow, max-snippet:-1, max-image-preview:large, max-video-preview:-1\" \/>\n<link rel=\"canonical\" href=\"https:\/\/www.oficinaempleo.com\/blog\/se-necesitan-200-figurantes-para-serie-de-television\/\" \/>\n<meta property=\"og:locale\" content=\"es_ES\" \/>\n<meta property=\"og:type\" content=\"article\" \/>\n<meta property=\"og:title\" content=\"Se necesitan 200 figurantes para serie de televisi\u00f3n - Blog OficinaEmpleo\" \/>\n<meta property=\"og:description\" content=\"Si est\u00e1s interesado en esta oferta, inf\u00f3rmate aqu\u00ed c\u00f3mo puedes acceder a ella.\" \/>\n<meta property=\"og:url\" content=\"https:\/\/www.oficinaempleo.com\/blog\/se-necesitan-200-figurantes-para-serie-de-television\/\" \/>\n<meta property=\"og:site_name\" content=\"Noticias y consejos de empleo | Blog OficinaEmpleo\" \/>\n<meta property=\"article:author\" content=\"https:\/\/www.facebook.com\/OficinaEmpleo\" \/>\n<meta property=\"article:published_time\" content=\"2015-12-11T12:30:27+00:00\" \/>\n<meta property=\"og:image\" content=\"https:\/\/www.oficinaempleo.com\/blog\/wp-content\/uploads\/2015\/12\/rodaje-BLOG.jpg\" \/>\n\t<meta property=\"og:image:width\" content=\"600\" \/>\n\t<meta property=\"og:image:height\" content=\"310\" \/>\n\t<meta property=\"og:image:type\" content=\"image\/jpeg\" \/>\n<meta name=\"author\" content=\"OficinaEmpleo\" \/>\n<meta name=\"twitter:card\" content=\"summary_large_image\" \/>\n<meta name=\"twitter:creator\" content=\"@OficinaEmpleo\" \/>\n<meta name=\"twitter:site\" content=\"@OficinaEmpleo\" \/>\n<meta name=\"twitter:label1\" content=\"Written by\" \/>\n\t<meta name=\"twitter:data1\" content=\"OficinaEmpleo\" \/>\n\t<meta name=\"twitter:label2\" content=\"Est. reading time\" \/>\n\t<meta name=\"twitter:data2\" content=\"1 minuto\" \/>\n<script type=\"application\/ld+json\" class=\"yoast-schema-graph\">{\"@context\":\"https:\/\/schema.org\",\"@graph\":[{\"@type\":\"Article\",\"@id\":\"https:\/\/www.oficinaempleo.com\/blog\/se-necesitan-200-figurantes-para-serie-de-television\/#article\",\"isPartOf\":{\"@id\":\"https:\/\/www.oficinaempleo.com\/blog\/se-necesitan-200-figurantes-para-serie-de-television\/\"},\"author\":{\"name\":\"OficinaEmpleo\",\"@id\":\"https:\/\/www.oficinaempleo.com\/blog\/#\/schema\/person\/a7f3437f35bd6bd9ad19addae529a114\"},\"headline\":\"Se necesitan 200 figurantes para serie de televisi\u00f3n\",\"datePublished\":\"2015-12-11T12:30:27+00:00\",\"mainEntityOfPage\":{\"@id\":\"https:\/\/www.oficinaempleo.com\/blog\/se-necesitan-200-figurantes-para-serie-de-television\/\"},\"wordCount\":281,\"commentCount\":377,\"publisher\":{\"@id\":\"https:\/\/www.oficinaempleo.com\/blog\/#organization\"},\"image\":{\"@id\":\"https:\/\/www.oficinaempleo.com\/blog\/se-necesitan-200-figurantes-para-serie-de-television\/#primaryimage\"},\"thumbnailUrl\":\"https:\/\/www.oficinaempleo.com\/blog\/wp-content\/uploads\/2015\/12\/rodaje-BLOG.jpg\",\"keywords\":[\"candidatos\",\"casting\",\"cine\",\"empleo\",\"\u00e9poca\",\"figurantes\",\"madrid\",\"Ofertas\",\"Proceso selecci\u00f3n\",\"Puestos\",\"Selecci\u00f3n\",\"serie\",\"televisi\u00f3n\",\"trabajar\",\"Tv\",\"vacantes\"],\"inLanguage\":\"es\",\"potentialAction\":[{\"@type\":\"CommentAction\",\"name\":\"Comment\",\"target\":[\"https:\/\/www.oficinaempleo.com\/blog\/se-necesitan-200-figurantes-para-serie-de-television\/#respond\"]}]},{\"@type\":\"WebPage\",\"@id\":\"https:\/\/www.oficinaempleo.com\/blog\/se-necesitan-200-figurantes-para-serie-de-television\/\",\"url\":\"https:\/\/www.oficinaempleo.com\/blog\/se-necesitan-200-figurantes-para-serie-de-television\/\",\"name\":\"Se necesitan 200 figurantes para serie de televisi\u00f3n - Blog OficinaEmpleo\",\"isPartOf\":{\"@id\":\"https:\/\/www.oficinaempleo.com\/blog\/#website\"},\"primaryImageOfPage\":{\"@id\":\"https:\/\/www.oficinaempleo.com\/blog\/se-necesitan-200-figurantes-para-serie-de-television\/#primaryimage\"},\"image\":{\"@id\":\"https:\/\/www.oficinaempleo.com\/blog\/se-necesitan-200-figurantes-para-serie-de-television\/#primaryimage\"},\"thumbnailUrl\":\"https:\/\/www.oficinaempleo.com\/blog\/wp-content\/uploads\/2015\/12\/rodaje-BLOG.jpg\",\"datePublished\":\"2015-12-11T12:30:27+00:00\",\"breadcrumb\":{\"@id\":\"https:\/\/www.oficinaempleo.com\/blog\/se-necesitan-200-figurantes-para-serie-de-television\/#breadcrumb\"},\"inLanguage\":\"es\",\"potentialAction\":[{\"@type\":\"ReadAction\",\"target\":[\"https:\/\/www.oficinaempleo.com\/blog\/se-necesitan-200-figurantes-para-serie-de-television\/\"]}]},{\"@type\":\"ImageObject\",\"inLanguage\":\"es\",\"@id\":\"https:\/\/www.oficinaempleo.com\/blog\/se-necesitan-200-figurantes-para-serie-de-television\/#primaryimage\",\"url\":\"https:\/\/www.oficinaempleo.com\/blog\/wp-content\/uploads\/2015\/12\/rodaje-BLOG.jpg\",\"contentUrl\":\"https:\/\/www.oficinaempleo.com\/blog\/wp-content\/uploads\/2015\/12\/rodaje-BLOG.jpg\",\"width\":600,\"height\":310},{\"@type\":\"BreadcrumbList\",\"@id\":\"https:\/\/www.oficinaempleo.com\/blog\/se-necesitan-200-figurantes-para-serie-de-television\/#breadcrumb\",\"itemListElement\":[{\"@type\":\"ListItem\",\"position\":1,\"name\":\"Home\",\"item\":\"https:\/\/www.oficinaempleo.com\/blog\/\"},{\"@type\":\"ListItem\",\"position\":2,\"name\":\"Se necesitan 200 figurantes para serie de televisi\u00f3n\"}]},{\"@type\":\"WebSite\",\"@id\":\"https:\/\/www.oficinaempleo.com\/blog\/#website\",\"url\":\"https:\/\/www.oficinaempleo.com\/blog\/\",\"name\":\"Noticias y Consejos de Empleo | Blog OficinaEmpleo\",\"description\":\"\",\"publisher\":{\"@id\":\"https:\/\/www.oficinaempleo.com\/blog\/#organization\"},\"potentialAction\":[{\"@type\":\"SearchAction\",\"target\":{\"@type\":\"EntryPoint\",\"urlTemplate\":\"https:\/\/www.oficinaempleo.com\/blog\/?s={search_term_string}\"},\"query-input\":{\"@type\":\"PropertyValueSpecification\",\"valueRequired\":true,\"valueName\":\"search_term_string\"}}],\"inLanguage\":\"es\"},{\"@type\":\"Organization\",\"@id\":\"https:\/\/www.oficinaempleo.com\/blog\/#organization\",\"name\":\"OficinaEmpleo\",\"url\":\"https:\/\/www.oficinaempleo.com\/blog\/\",\"logo\":{\"@type\":\"ImageObject\",\"inLanguage\":\"es\",\"@id\":\"https:\/\/www.oficinaempleo.com\/blog\/#\/schema\/logo\/image\/\",\"url\":\"https:\/\/www.oficinaempleo.com\/blog\/wp-content\/uploads\/2018\/10\/logo_footer-1.jpg\",\"contentUrl\":\"https:\/\/www.oficinaempleo.com\/blog\/wp-content\/uploads\/2018\/10\/logo_footer-1.jpg\",\"width\":478,\"height\":57,\"caption\":\"OficinaEmpleo\"},\"image\":{\"@id\":\"https:\/\/www.oficinaempleo.com\/blog\/#\/schema\/logo\/image\/\"},\"sameAs\":[\"https:\/\/x.com\/OficinaEmpleo\"]},{\"@type\":\"Person\",\"@id\":\"https:\/\/www.oficinaempleo.com\/blog\/#\/schema\/person\/a7f3437f35bd6bd9ad19addae529a114\",\"name\":\"OficinaEmpleo\",\"image\":{\"@type\":\"ImageObject\",\"inLanguage\":\"es\",\"@id\":\"https:\/\/www.oficinaempleo.com\/blog\/#\/schema\/person\/image\/\",\"url\":\"https:\/\/secure.gravatar.com\/avatar\/ea822afb14d7439ba3051d652cf8f548fe540f184ce16a2135fc22c9337bd72e?s=96&d=mm&r=g\",\"contentUrl\":\"https:\/\/secure.gravatar.com\/avatar\/ea822afb14d7439ba3051d652cf8f548fe540f184ce16a2135fc22c9337bd72e?s=96&d=mm&r=g\",\"caption\":\"OficinaEmpleo\"},\"description\":\"En OficinaEmpleo queremos ayudarte a conseguir trabajo. Por eso, adem\u00e1s de ofrecerte ofertas de empleo en nuestro portal, te ense\u00f1amos las novedades del sector, y consejos para mejorar tu perfil.\",\"sameAs\":[\"http:\/\/www.oficinaempleo.com\/\",\"https:\/\/www.facebook.com\/OficinaEmpleo\",\"https:\/\/x.com\/OficinaEmpleo\"],\"url\":\"https:\/\/www.oficinaempleo.com\/blog\/author\/empleo\/\"}]}<\/script>\n<!-- \/ Yoast SEO plugin. -->","yoast_head_json":{"title":"Se necesitan 200 figurantes para serie de televisi\u00f3n - Blog OficinaEmpleo","robots":{"index":"index","follow":"follow","max-snippet":"max-snippet:-1","max-image-preview":"max-image-preview:large","max-video-preview":"max-video-preview:-1"},"canonical":"https:\/\/www.oficinaempleo.com\/blog\/se-necesitan-200-figurantes-para-serie-de-television\/","og_locale":"es_ES","og_type":"article","og_title":"Se necesitan 200 figurantes para serie de televisi\u00f3n - Blog OficinaEmpleo","og_description":"Si est\u00e1s interesado en esta oferta, inf\u00f3rmate aqu\u00ed c\u00f3mo puedes acceder a ella.","og_url":"https:\/\/www.oficinaempleo.com\/blog\/se-necesitan-200-figurantes-para-serie-de-television\/","og_site_name":"Noticias y consejos de empleo | Blog OficinaEmpleo","article_author":"https:\/\/www.facebook.com\/OficinaEmpleo","article_published_time":"2015-12-11T12:30:27+00:00","og_image":[{"width":600,"height":310,"url":"https:\/\/www.oficinaempleo.com\/blog\/wp-content\/uploads\/2015\/12\/rodaje-BLOG.jpg","type":"image\/jpeg"}],"author":"OficinaEmpleo","twitter_card":"summary_large_image","twitter_creator":"@OficinaEmpleo","twitter_site":"@OficinaEmpleo","twitter_misc":{"Written by":"OficinaEmpleo","Est. reading time":"1 minuto"},"schema":{"@context":"https:\/\/schema.org","@graph":[{"@type":"Article","@id":"https:\/\/www.oficinaempleo.com\/blog\/se-necesitan-200-figurantes-para-serie-de-television\/#article","isPartOf":{"@id":"https:\/\/www.oficinaempleo.com\/blog\/se-necesitan-200-figurantes-para-serie-de-television\/"},"author":{"name":"OficinaEmpleo","@id":"https:\/\/www.oficinaempleo.com\/blog\/#\/schema\/person\/a7f3437f35bd6bd9ad19addae529a114"},"headline":"Se necesitan 200 figurantes para serie de televisi\u00f3n","datePublished":"2015-12-11T12:30:27+00:00","mainEntityOfPage":{"@id":"https:\/\/www.oficinaempleo.com\/blog\/se-necesitan-200-figurantes-para-serie-de-television\/"},"wordCount":281,"commentCount":377,"publisher":{"@id":"https:\/\/www.oficinaempleo.com\/blog\/#organization"},"image":{"@id":"https:\/\/www.oficinaempleo.com\/blog\/se-necesitan-200-figurantes-para-serie-de-television\/#primaryimage"},"thumbnailUrl":"https:\/\/www.oficinaempleo.com\/blog\/wp-content\/uploads\/2015\/12\/rodaje-BLOG.jpg","keywords":["candidatos","casting","cine","empleo","\u00e9poca","figurantes","madrid","Ofertas","Proceso selecci\u00f3n","Puestos","Selecci\u00f3n","serie","televisi\u00f3n","trabajar","Tv","vacantes"],"inLanguage":"es","potentialAction":[{"@type":"CommentAction","name":"Comment","target":["https:\/\/www.oficinaempleo.com\/blog\/se-necesitan-200-figurantes-para-serie-de-television\/#respond"]}]},{"@type":"WebPage","@id":"https:\/\/www.oficinaempleo.com\/blog\/se-necesitan-200-figurantes-para-serie-de-television\/","url":"https:\/\/www.oficinaempleo.com\/blog\/se-necesitan-200-figurantes-para-serie-de-television\/","name":"Se necesitan 200 figurantes para serie de televisi\u00f3n - Blog OficinaEmpleo","isPartOf":{"@id":"https:\/\/www.oficinaempleo.com\/blog\/#website"},"primaryImageOfPage":{"@id":"https:\/\/www.oficinaempleo.com\/blog\/se-necesitan-200-figurantes-para-serie-de-television\/#primaryimage"},"image":{"@id":"https:\/\/www.oficinaempleo.com\/blog\/se-necesitan-200-figurantes-para-serie-de-television\/#primaryimage"},"thumbnailUrl":"https:\/\/www.oficinaempleo.com\/blog\/wp-content\/uploads\/2015\/12\/rodaje-BLOG.jpg","datePublished":"2015-12-11T12:30:27+00:00","breadcrumb":{"@id":"https:\/\/www.oficinaempleo.com\/blog\/se-necesitan-200-figurantes-para-serie-de-television\/#breadcrumb"},"inLanguage":"es","potentialAction":[{"@type":"ReadAction","target":["https:\/\/www.oficinaempleo.com\/blog\/se-necesitan-200-figurantes-para-serie-de-television\/"]}]},{"@type":"ImageObject","inLanguage":"es","@id":"https:\/\/www.oficinaempleo.com\/blog\/se-necesitan-200-figurantes-para-serie-de-television\/#primaryimage","url":"https:\/\/www.oficinaempleo.com\/blog\/wp-content\/uploads\/2015\/12\/rodaje-BLOG.jpg","contentUrl":"https:\/\/www.oficinaempleo.com\/blog\/wp-content\/uploads\/2015\/12\/rodaje-BLOG.jpg","width":600,"height":310},{"@type":"BreadcrumbList","@id":"https:\/\/www.oficinaempleo.com\/blog\/se-necesitan-200-figurantes-para-serie-de-television\/#breadcrumb","itemListElement":[{"@type":"ListItem","position":1,"name":"Home","item":"https:\/\/www.oficinaempleo.com\/blog\/"},{"@type":"ListItem","position":2,"name":"Se necesitan 200 figurantes para serie de televisi\u00f3n"}]},{"@type":"WebSite","@id":"https:\/\/www.oficinaempleo.com\/blog\/#website","url":"https:\/\/www.oficinaempleo.com\/blog\/","name":"Noticias y Consejos de Empleo | Blog OficinaEmpleo","description":"","publisher":{"@id":"https:\/\/www.oficinaempleo.com\/blog\/#organization"},"potentialAction":[{"@type":"SearchAction","target":{"@type":"EntryPoint","urlTemplate":"https:\/\/www.oficinaempleo.com\/blog\/?s={search_term_string}"},"query-input":{"@type":"PropertyValueSpecification","valueRequired":true,"valueName":"search_term_string"}}],"inLanguage":"es"},{"@type":"Organization","@id":"https:\/\/www.oficinaempleo.com\/blog\/#organization","name":"OficinaEmpleo","url":"https:\/\/www.oficinaempleo.com\/blog\/","logo":{"@type":"ImageObject","inLanguage":"es","@id":"https:\/\/www.oficinaempleo.com\/blog\/#\/schema\/logo\/image\/","url":"https:\/\/www.oficinaempleo.com\/blog\/wp-content\/uploads\/2018\/10\/logo_footer-1.jpg","contentUrl":"https:\/\/www.oficinaempleo.com\/blog\/wp-content\/uploads\/2018\/10\/logo_footer-1.jpg","width":478,"height":57,"caption":"OficinaEmpleo"},"image":{"@id":"https:\/\/www.oficinaempleo.com\/blog\/#\/schema\/logo\/image\/"},"sameAs":["https:\/\/x.com\/OficinaEmpleo"]},{"@type":"Person","@id":"https:\/\/www.oficinaempleo.com\/blog\/#\/schema\/person\/a7f3437f35bd6bd9ad19addae529a114","name":"OficinaEmpleo","image":{"@type":"ImageObject","inLanguage":"es","@id":"https:\/\/www.oficinaempleo.com\/blog\/#\/schema\/person\/image\/","url":"https:\/\/secure.gravatar.com\/avatar\/ea822afb14d7439ba3051d652cf8f548fe540f184ce16a2135fc22c9337bd72e?s=96&d=mm&r=g","contentUrl":"https:\/\/secure.gravatar.com\/avatar\/ea822afb14d7439ba3051d652cf8f548fe540f184ce16a2135fc22c9337bd72e?s=96&d=mm&r=g","caption":"OficinaEmpleo"},"description":"En OficinaEmpleo queremos ayudarte a conseguir trabajo. Por eso, adem\u00e1s de ofrecerte ofertas de empleo en nuestro portal, te ense\u00f1amos las novedades del sector, y consejos para mejorar tu perfil.","sameAs":["http:\/\/www.oficinaempleo.com\/","https:\/\/www.facebook.com\/OficinaEmpleo","https:\/\/x.com\/OficinaEmpleo"],"url":"https:\/\/www.oficinaempleo.com\/blog\/author\/empleo\/"}]}},"_links":{"self":[{"href":"https:\/\/www.oficinaempleo.com\/blog\/wp-json\/wp\/v2\/posts\/9443","targetHints":{"allow":["GET"]}}],"collection":[{"href":"https:\/\/www.oficinaempleo.com\/blog\/wp-json\/wp\/v2\/posts"}],"about":[{"href":"https:\/\/www.oficinaempleo.com\/blog\/wp-json\/wp\/v2\/types\/post"}],"author":[{"embeddable":true,"href":"https:\/\/www.oficinaempleo.com\/blog\/wp-json\/wp\/v2\/users\/2"}],"replies":[{"embeddable":true,"href":"https:\/\/www.oficinaempleo.com\/blog\/wp-json\/wp\/v2\/comments?post=9443"}],"version-history":[{"count":0,"href":"https:\/\/www.oficinaempleo.com\/blog\/wp-json\/wp\/v2\/posts\/9443\/revisions"}],"wp:featuredmedia":[{"embeddable":true,"href":"https:\/\/www.oficinaempleo.com\/blog\/wp-json\/wp\/v2\/media\/9451"}],"wp:attachment":[{"href":"https:\/\/www.oficinaempleo.com\/blog\/wp-json\/wp\/v2\/media?parent=9443"}],"wp:term":[{"taxonomy":"category","embeddable":true,"href":"https:\/\/www.oficinaempleo.com\/blog\/wp-json\/wp\/v2\/categories?post=9443"},{"taxonomy":"post_tag","embeddable":true,"href":"https:\/\/www.oficinaempleo.com\/blog\/wp-json\/wp\/v2\/tags?post=9443"}],"curies":[{"name":"wp","href":"https:\/\/api.w.org\/{rel}","templated":true}]}}