{"id":9497,"date":"2015-12-16T18:16:35","date_gmt":"2015-12-16T16:16:35","guid":{"rendered":"http:\/\/www.oficinaempleo.com\/blog\/?p=9497"},"modified":"2016-06-01T17:34:22","modified_gmt":"2016-06-01T15:34:22","slug":"perfil-profesional-de-un-guardia-de-seguridad","status":"publish","type":"post","link":"https:\/\/www.oficinaempleo.com\/blog\/perfil-profesional-de-un-guardia-de-seguridad\/","title":{"rendered":"Perfil profesional de un guardia de seguridad"},"content":{"rendered":"<div class=\"su-button-center\"><a href=\"https:\/\/jobs.oficinaempleo.com\/registro?origen=ORG-web&#038;utm_source=OE&#038;utm_medium=boton_registro&#038;utm_content=homepage&#038;utm_campaign=organic\" class=\"su-button su-button-style-flat\" style=\"color:#FFFFFF;background-color:#ec7d0c;border-color:#bd640a;border-radius:10px\" target=\"__blank\"><span style=\"color:#FFFFFF;padding:8px 26px;font-size:20px;line-height:30px;border-color:#f2a455;border-radius:10px;text-shadow:none\"><i class=\"sui sui-arrow-circle-right\" style=\"font-size:20px;color:#FFFFFF\"><\/i> Reg\u00edstrate gratis en OficinaEmpleo<\/span><\/a><\/div><div class=\"su-spacer\" style=\"height:30px\"><\/div>\n<p>El \u00e1mbito profesional en el que desarrollan su actividad los guardias de seguridad es el \u00e1rea de las <strong>empresas de seguridad<\/strong> que dan servicio a edificios,  urbanizaciones,  pol\u00edgonos industriales,\u00a0e instalaciones p\u00fablicas y privadas, seg\u00fan establece el Instituto Nacional de Cualificaciones.<\/p>\n<div id=\"attachment_9505\" style=\"width: 570px\" class=\"wp-caption aligncenter\"><a href=\"http:\/\/www.oficinaempleo.com\/blog\/wp-content\/uploads\/2015\/12\/vigilante-seguridad-p.jpg\"><img loading=\"lazy\" decoding=\"async\" aria-describedby=\"caption-attachment-9505\" class=\"size-full wp-image-9505\" src=\"http:\/\/www.oficinaempleo.com\/blog\/wp-content\/uploads\/2015\/12\/vigilante-seguridad-p.jpg\" alt=\"globalacademy.es\" width=\"560\" height=\"300\" srcset=\"https:\/\/www.oficinaempleo.com\/blog\/wp-content\/uploads\/2015\/12\/vigilante-seguridad-p.jpg 560w, https:\/\/www.oficinaempleo.com\/blog\/wp-content\/uploads\/2015\/12\/vigilante-seguridad-p-300x161.jpg 300w, https:\/\/www.oficinaempleo.com\/blog\/wp-content\/uploads\/2015\/12\/vigilante-seguridad-p-280x150.jpg 280w\" sizes=\"auto, (max-width: 560px) 100vw, 560px\" \/><\/a><p id=\"caption-attachment-9505\" class=\"wp-caption-text\">globalacademy.es<\/p><\/div>\n<p>Su trabajo es evitar los delitos e infracciones en un entorno definido, vigilando y protegiendo a las personas y sus bienes. En este <a href=\"http:\/\/www.interior.gob.es\/web\/servicios-al-ciudadano\/personal-de-seguridad-privada\/vigilantes-de-seguridad\/funciones\" >enlace<\/a>\u00a0se puede encontrar una lista detallada de las funciones a realizar por el personal de seguridad.<\/p>\n<p>Para comenzar a <strong>trabajar como Guardia de Seguridad<\/strong>, los aspirantes deber\u00e1n superar la formaci\u00f3n necesaria en uno de los centros acreditados por la <strong>Secretar\u00eda de Estado de Seguridad<\/strong> de ciclos formativos de\u00a0al menos ciento ochenta horas y seis semanas lectivas, a dem\u00e1s de encontrarse en un <a href=\"http:\/\/www.oficinaempleo.com\/blog\/10-empleos-en-los-que-es-necesario-estar-en-forma\/?utm_source=BLOG&amp;utm_medium=social&amp;utm_content=perfil-profesional-guarda-seguridad&amp;utm_campaign=organico\">buena forma f\u00edsica<\/a>.<\/p>\n<p>Si tu intenci\u00f3n es introducirte en este gremio te va a interesar la informaci\u00f3n que proporciona el <strong>Ministerio del Interior<\/strong> acerca de los requisitos, la formaci\u00f3n, pruebas de selecci\u00f3n, etc., para la obtenci\u00f3n de la tarjeta de identidad profesional en el siguiente <a href=\"http:\/\/www.interior.gob.es\/web\/servicios-al-ciudadano\/personal-de-seguridad-privada\" >link<\/a>.<\/p>\n<p>Adem\u00e1s, quer\u00edamos hablaros de una profesi\u00f3n que, tal vez, no sea una de las m\u00e1s comunes que existen hoy d\u00eda pero la cual, sigue activa, se trata de la posibilidad de trabajar como\u00a0<a href=\"https:\/\/www.monopol.es\/perspectivas-de-futuro-del-trabajo-de-un-detective-privado-en-madrid\/\" >detective privado<\/a>, \u00bfte lo has planteado alguna vez? Se trata de una profesi\u00f3n sin mucha competencia y la cual, hoy d\u00eda tiene un gran abanico de posibilidades, pues cada vez son m\u00e1s los\u00a0particulares y empresas que cuentan con necesidades de seguridad o de conocer cierta informaci\u00f3n que requiere de un profesional para ser averiguado. Podr\u00eda tratarse de una profesi\u00f3n aparentemente del pasado y a la vez, muy presente en la sociedad en la que vivimos.<\/p>\n<div class=\"su-button-center\"><a href=\"https:\/\/jobs.oficinaempleo.com\/registro?origen=ORG-web&#038;utm_source=OE&#038;utm_medium=boton_registro&#038;utm_content=homepage&#038;utm_campaign=organic\" class=\"su-button su-button-style-flat\" style=\"color:#FFFFFF;background-color:#ec7d0c;border-color:#bd640a;border-radius:10px\" target=\"__blank\"><span style=\"color:#FFFFFF;padding:8px 26px;font-size:20px;line-height:30px;border-color:#f2a455;border-radius:10px;text-shadow:none\"><i class=\"sui sui-arrow-circle-right\" style=\"font-size:20px;color:#FFFFFF\"><\/i> Reg\u00edstrate gratis en OficinaEmpleo<\/span><\/a><\/div><div class=\"su-spacer\" style=\"height:30px\"><\/div>\n<p>&nbsp;<\/p>\n<p>&nbsp;<\/p>\n","protected":false},"excerpt":{"rendered":"<p>El \u00e1mbito profesional en el que desarrollan su actividad los guardias de seguridad es el \u00e1rea de las empresas de seguridad que dan servicio a edificios, urbanizaciones, pol\u00edgonos industriales,\u00a0e instalaciones p\u00fablicas y privadas, seg\u00fan establece el Instituto Nacional de Cualificaciones. Su trabajo es evitar los delitos e infracciones en un entorno definido, vigilando y protegiendo [&hellip;]<\/p>\n","protected":false},"author":6,"featured_media":9506,"comment_status":"open","ping_status":"open","sticky":false,"template":"","format":"standard","meta":{"footnotes":""},"categories":[12,508,1],"tags":[3117,3116,16,3112,3115,3114,3113,3046],"class_list":["post-9497","post","type-post","status-publish","format-standard","has-post-thumbnail","hentry","category-consejos-y-recursos","category-estudios-y-formacion","category-sin-categoria","tag-empresas-de-seguridad","tag-evitar-delitos","tag-formacion","tag-guardia-de-seguridad","tag-instituto-nacional-de-cualificaciones","tag-ministerio-del-interior","tag-secretaria-de-estado-de-seguridad","tag-vigilante-de-seguridad","cat-12-id","cat-508-id","cat-1-id","has_thumb"],"yoast_head":"<!-- This site is optimized with the Yoast SEO plugin v27.1.1 - https:\/\/yoast.com\/product\/yoast-seo-wordpress\/ -->\n<title>Perfil profesional de un guardia de seguridad - Blog OficinaEmpleo<\/title>\n<meta name=\"robots\" content=\"index, follow, max-snippet:-1, max-image-preview:large, max-video-preview:-1\" \/>\n<link rel=\"canonical\" href=\"https:\/\/www.oficinaempleo.com\/blog\/perfil-profesional-de-un-guardia-de-seguridad\/\" \/>\n<meta property=\"og:locale\" content=\"es_ES\" \/>\n<meta property=\"og:type\" content=\"article\" \/>\n<meta property=\"og:title\" content=\"Perfil profesional de un guardia de seguridad - Blog OficinaEmpleo\" \/>\n<meta property=\"og:description\" content=\"El \u00e1mbito profesional en el que desarrollan su actividad los guardias de seguridad es el \u00e1rea de las empresas de seguridad que dan servicio a edificios, urbanizaciones, pol\u00edgonos industriales,\u00a0e instalaciones p\u00fablicas y privadas, seg\u00fan establece el Instituto Nacional de Cualificaciones. Su trabajo es evitar los delitos e infracciones en un entorno definido, vigilando y protegiendo [&hellip;]\" \/>\n<meta property=\"og:url\" content=\"https:\/\/www.oficinaempleo.com\/blog\/perfil-profesional-de-un-guardia-de-seguridad\/\" \/>\n<meta property=\"og:site_name\" content=\"Noticias y consejos de empleo | Blog OficinaEmpleo\" \/>\n<meta property=\"article:published_time\" content=\"2015-12-16T16:16:35+00:00\" \/>\n<meta property=\"article:modified_time\" content=\"2016-06-01T15:34:22+00:00\" \/>\n<meta property=\"og:image\" content=\"https:\/\/www.oficinaempleo.com\/blog\/wp-content\/uploads\/2015\/12\/Acordamos.com_.jpg\" \/>\n\t<meta property=\"og:image:width\" content=\"480\" \/>\n\t<meta property=\"og:image:height\" content=\"290\" \/>\n\t<meta property=\"og:image:type\" content=\"image\/jpeg\" \/>\n<meta name=\"author\" content=\"Carolina Ca\u00f1ada\" \/>\n<meta name=\"twitter:card\" content=\"summary_large_image\" \/>\n<meta name=\"twitter:creator\" content=\"@OficinaEmpleo\" \/>\n<meta name=\"twitter:site\" content=\"@OficinaEmpleo\" \/>\n<meta name=\"twitter:label1\" content=\"Written by\" \/>\n\t<meta name=\"twitter:data1\" content=\"Carolina Ca\u00f1ada\" \/>\n\t<meta name=\"twitter:label2\" content=\"Est. reading time\" \/>\n\t<meta name=\"twitter:data2\" content=\"2 minutos\" \/>\n<script type=\"application\/ld+json\" class=\"yoast-schema-graph\">{\"@context\":\"https:\/\/schema.org\",\"@graph\":[{\"@type\":\"Article\",\"@id\":\"https:\/\/www.oficinaempleo.com\/blog\/perfil-profesional-de-un-guardia-de-seguridad\/#article\",\"isPartOf\":{\"@id\":\"https:\/\/www.oficinaempleo.com\/blog\/perfil-profesional-de-un-guardia-de-seguridad\/\"},\"author\":{\"name\":\"Carolina Ca\u00f1ada\",\"@id\":\"https:\/\/www.oficinaempleo.com\/blog\/#\/schema\/person\/323628fee432f5770d26b0dbb82f8496\"},\"headline\":\"Perfil profesional de un guardia de seguridad\",\"datePublished\":\"2015-12-16T16:16:35+00:00\",\"dateModified\":\"2016-06-01T15:34:22+00:00\",\"mainEntityOfPage\":{\"@id\":\"https:\/\/www.oficinaempleo.com\/blog\/perfil-profesional-de-un-guardia-de-seguridad\/\"},\"wordCount\":389,\"commentCount\":1,\"publisher\":{\"@id\":\"https:\/\/www.oficinaempleo.com\/blog\/#organization\"},\"image\":{\"@id\":\"https:\/\/www.oficinaempleo.com\/blog\/perfil-profesional-de-un-guardia-de-seguridad\/#primaryimage\"},\"thumbnailUrl\":\"https:\/\/www.oficinaempleo.com\/blog\/wp-content\/uploads\/2015\/12\/Acordamos.com_.jpg\",\"keywords\":[\"empresas de seguridad\",\"evitar delitos\",\"formacion\",\"guardia de seguridad\",\"Instituto Nacional de Cualificaciones\",\"Ministerio del Interior\",\"Secretar\u00eda de Estado de Seguridad\",\"vigilante de seguridad\"],\"articleSection\":[\"Consejos y Recursos\",\"Estudios y Formaci\u00f3n\"],\"inLanguage\":\"es\",\"potentialAction\":[{\"@type\":\"CommentAction\",\"name\":\"Comment\",\"target\":[\"https:\/\/www.oficinaempleo.com\/blog\/perfil-profesional-de-un-guardia-de-seguridad\/#respond\"]}]},{\"@type\":\"WebPage\",\"@id\":\"https:\/\/www.oficinaempleo.com\/blog\/perfil-profesional-de-un-guardia-de-seguridad\/\",\"url\":\"https:\/\/www.oficinaempleo.com\/blog\/perfil-profesional-de-un-guardia-de-seguridad\/\",\"name\":\"Perfil profesional de un guardia de seguridad - Blog OficinaEmpleo\",\"isPartOf\":{\"@id\":\"https:\/\/www.oficinaempleo.com\/blog\/#website\"},\"primaryImageOfPage\":{\"@id\":\"https:\/\/www.oficinaempleo.com\/blog\/perfil-profesional-de-un-guardia-de-seguridad\/#primaryimage\"},\"image\":{\"@id\":\"https:\/\/www.oficinaempleo.com\/blog\/perfil-profesional-de-un-guardia-de-seguridad\/#primaryimage\"},\"thumbnailUrl\":\"https:\/\/www.oficinaempleo.com\/blog\/wp-content\/uploads\/2015\/12\/Acordamos.com_.jpg\",\"datePublished\":\"2015-12-16T16:16:35+00:00\",\"dateModified\":\"2016-06-01T15:34:22+00:00\",\"breadcrumb\":{\"@id\":\"https:\/\/www.oficinaempleo.com\/blog\/perfil-profesional-de-un-guardia-de-seguridad\/#breadcrumb\"},\"inLanguage\":\"es\",\"potentialAction\":[{\"@type\":\"ReadAction\",\"target\":[\"https:\/\/www.oficinaempleo.com\/blog\/perfil-profesional-de-un-guardia-de-seguridad\/\"]}]},{\"@type\":\"ImageObject\",\"inLanguage\":\"es\",\"@id\":\"https:\/\/www.oficinaempleo.com\/blog\/perfil-profesional-de-un-guardia-de-seguridad\/#primaryimage\",\"url\":\"https:\/\/www.oficinaempleo.com\/blog\/wp-content\/uploads\/2015\/12\/Acordamos.com_.jpg\",\"contentUrl\":\"https:\/\/www.oficinaempleo.com\/blog\/wp-content\/uploads\/2015\/12\/Acordamos.com_.jpg\",\"width\":480,\"height\":290,\"caption\":\"Acordamos.com\"},{\"@type\":\"BreadcrumbList\",\"@id\":\"https:\/\/www.oficinaempleo.com\/blog\/perfil-profesional-de-un-guardia-de-seguridad\/#breadcrumb\",\"itemListElement\":[{\"@type\":\"ListItem\",\"position\":1,\"name\":\"Home\",\"item\":\"https:\/\/www.oficinaempleo.com\/blog\/\"},{\"@type\":\"ListItem\",\"position\":2,\"name\":\"Perfil profesional de un guardia de seguridad\"}]},{\"@type\":\"WebSite\",\"@id\":\"https:\/\/www.oficinaempleo.com\/blog\/#website\",\"url\":\"https:\/\/www.oficinaempleo.com\/blog\/\",\"name\":\"Noticias y Consejos de Empleo | Blog OficinaEmpleo\",\"description\":\"\",\"publisher\":{\"@id\":\"https:\/\/www.oficinaempleo.com\/blog\/#organization\"},\"potentialAction\":[{\"@type\":\"SearchAction\",\"target\":{\"@type\":\"EntryPoint\",\"urlTemplate\":\"https:\/\/www.oficinaempleo.com\/blog\/?s={search_term_string}\"},\"query-input\":{\"@type\":\"PropertyValueSpecification\",\"valueRequired\":true,\"valueName\":\"search_term_string\"}}],\"inLanguage\":\"es\"},{\"@type\":\"Organization\",\"@id\":\"https:\/\/www.oficinaempleo.com\/blog\/#organization\",\"name\":\"OficinaEmpleo\",\"url\":\"https:\/\/www.oficinaempleo.com\/blog\/\",\"logo\":{\"@type\":\"ImageObject\",\"inLanguage\":\"es\",\"@id\":\"https:\/\/www.oficinaempleo.com\/blog\/#\/schema\/logo\/image\/\",\"url\":\"https:\/\/www.oficinaempleo.com\/blog\/wp-content\/uploads\/2018\/10\/logo_footer-1.jpg\",\"contentUrl\":\"https:\/\/www.oficinaempleo.com\/blog\/wp-content\/uploads\/2018\/10\/logo_footer-1.jpg\",\"width\":478,\"height\":57,\"caption\":\"OficinaEmpleo\"},\"image\":{\"@id\":\"https:\/\/www.oficinaempleo.com\/blog\/#\/schema\/logo\/image\/\"},\"sameAs\":[\"https:\/\/x.com\/OficinaEmpleo\"]},{\"@type\":\"Person\",\"@id\":\"https:\/\/www.oficinaempleo.com\/blog\/#\/schema\/person\/323628fee432f5770d26b0dbb82f8496\",\"name\":\"Carolina Ca\u00f1ada\",\"image\":{\"@type\":\"ImageObject\",\"inLanguage\":\"es\",\"@id\":\"https:\/\/www.oficinaempleo.com\/blog\/#\/schema\/person\/image\/\",\"url\":\"https:\/\/secure.gravatar.com\/avatar\/b720a551eff58f7a1afeb82a3d3442e999d6b8964153be6a496d509889a64831?s=96&d=mm&r=g\",\"contentUrl\":\"https:\/\/secure.gravatar.com\/avatar\/b720a551eff58f7a1afeb82a3d3442e999d6b8964153be6a496d509889a64831?s=96&d=mm&r=g\",\"caption\":\"Carolina Ca\u00f1ada\"},\"url\":\"https:\/\/www.oficinaempleo.com\/blog\/author\/carolina\/\"}]}<\/script>\n<!-- \/ Yoast SEO plugin. -->","yoast_head_json":{"title":"Perfil profesional de un guardia de seguridad - Blog OficinaEmpleo","robots":{"index":"index","follow":"follow","max-snippet":"max-snippet:-1","max-image-preview":"max-image-preview:large","max-video-preview":"max-video-preview:-1"},"canonical":"https:\/\/www.oficinaempleo.com\/blog\/perfil-profesional-de-un-guardia-de-seguridad\/","og_locale":"es_ES","og_type":"article","og_title":"Perfil profesional de un guardia de seguridad - Blog OficinaEmpleo","og_description":"El \u00e1mbito profesional en el que desarrollan su actividad los guardias de seguridad es el \u00e1rea de las empresas de seguridad que dan servicio a edificios, urbanizaciones, pol\u00edgonos industriales,\u00a0e instalaciones p\u00fablicas y privadas, seg\u00fan establece el Instituto Nacional de Cualificaciones. Su trabajo es evitar los delitos e infracciones en un entorno definido, vigilando y protegiendo [&hellip;]","og_url":"https:\/\/www.oficinaempleo.com\/blog\/perfil-profesional-de-un-guardia-de-seguridad\/","og_site_name":"Noticias y consejos de empleo | Blog OficinaEmpleo","article_published_time":"2015-12-16T16:16:35+00:00","article_modified_time":"2016-06-01T15:34:22+00:00","og_image":[{"width":480,"height":290,"url":"https:\/\/www.oficinaempleo.com\/blog\/wp-content\/uploads\/2015\/12\/Acordamos.com_.jpg","type":"image\/jpeg"}],"author":"Carolina Ca\u00f1ada","twitter_card":"summary_large_image","twitter_creator":"@OficinaEmpleo","twitter_site":"@OficinaEmpleo","twitter_misc":{"Written by":"Carolina Ca\u00f1ada","Est. reading time":"2 minutos"},"schema":{"@context":"https:\/\/schema.org","@graph":[{"@type":"Article","@id":"https:\/\/www.oficinaempleo.com\/blog\/perfil-profesional-de-un-guardia-de-seguridad\/#article","isPartOf":{"@id":"https:\/\/www.oficinaempleo.com\/blog\/perfil-profesional-de-un-guardia-de-seguridad\/"},"author":{"name":"Carolina Ca\u00f1ada","@id":"https:\/\/www.oficinaempleo.com\/blog\/#\/schema\/person\/323628fee432f5770d26b0dbb82f8496"},"headline":"Perfil profesional de un guardia de seguridad","datePublished":"2015-12-16T16:16:35+00:00","dateModified":"2016-06-01T15:34:22+00:00","mainEntityOfPage":{"@id":"https:\/\/www.oficinaempleo.com\/blog\/perfil-profesional-de-un-guardia-de-seguridad\/"},"wordCount":389,"commentCount":1,"publisher":{"@id":"https:\/\/www.oficinaempleo.com\/blog\/#organization"},"image":{"@id":"https:\/\/www.oficinaempleo.com\/blog\/perfil-profesional-de-un-guardia-de-seguridad\/#primaryimage"},"thumbnailUrl":"https:\/\/www.oficinaempleo.com\/blog\/wp-content\/uploads\/2015\/12\/Acordamos.com_.jpg","keywords":["empresas de seguridad","evitar delitos","formacion","guardia de seguridad","Instituto Nacional de Cualificaciones","Ministerio del Interior","Secretar\u00eda de Estado de Seguridad","vigilante de seguridad"],"articleSection":["Consejos y Recursos","Estudios y Formaci\u00f3n"],"inLanguage":"es","potentialAction":[{"@type":"CommentAction","name":"Comment","target":["https:\/\/www.oficinaempleo.com\/blog\/perfil-profesional-de-un-guardia-de-seguridad\/#respond"]}]},{"@type":"WebPage","@id":"https:\/\/www.oficinaempleo.com\/blog\/perfil-profesional-de-un-guardia-de-seguridad\/","url":"https:\/\/www.oficinaempleo.com\/blog\/perfil-profesional-de-un-guardia-de-seguridad\/","name":"Perfil profesional de un guardia de seguridad - Blog OficinaEmpleo","isPartOf":{"@id":"https:\/\/www.oficinaempleo.com\/blog\/#website"},"primaryImageOfPage":{"@id":"https:\/\/www.oficinaempleo.com\/blog\/perfil-profesional-de-un-guardia-de-seguridad\/#primaryimage"},"image":{"@id":"https:\/\/www.oficinaempleo.com\/blog\/perfil-profesional-de-un-guardia-de-seguridad\/#primaryimage"},"thumbnailUrl":"https:\/\/www.oficinaempleo.com\/blog\/wp-content\/uploads\/2015\/12\/Acordamos.com_.jpg","datePublished":"2015-12-16T16:16:35+00:00","dateModified":"2016-06-01T15:34:22+00:00","breadcrumb":{"@id":"https:\/\/www.oficinaempleo.com\/blog\/perfil-profesional-de-un-guardia-de-seguridad\/#breadcrumb"},"inLanguage":"es","potentialAction":[{"@type":"ReadAction","target":["https:\/\/www.oficinaempleo.com\/blog\/perfil-profesional-de-un-guardia-de-seguridad\/"]}]},{"@type":"ImageObject","inLanguage":"es","@id":"https:\/\/www.oficinaempleo.com\/blog\/perfil-profesional-de-un-guardia-de-seguridad\/#primaryimage","url":"https:\/\/www.oficinaempleo.com\/blog\/wp-content\/uploads\/2015\/12\/Acordamos.com_.jpg","contentUrl":"https:\/\/www.oficinaempleo.com\/blog\/wp-content\/uploads\/2015\/12\/Acordamos.com_.jpg","width":480,"height":290,"caption":"Acordamos.com"},{"@type":"BreadcrumbList","@id":"https:\/\/www.oficinaempleo.com\/blog\/perfil-profesional-de-un-guardia-de-seguridad\/#breadcrumb","itemListElement":[{"@type":"ListItem","position":1,"name":"Home","item":"https:\/\/www.oficinaempleo.com\/blog\/"},{"@type":"ListItem","position":2,"name":"Perfil profesional de un guardia de seguridad"}]},{"@type":"WebSite","@id":"https:\/\/www.oficinaempleo.com\/blog\/#website","url":"https:\/\/www.oficinaempleo.com\/blog\/","name":"Noticias y Consejos de Empleo | Blog OficinaEmpleo","description":"","publisher":{"@id":"https:\/\/www.oficinaempleo.com\/blog\/#organization"},"potentialAction":[{"@type":"SearchAction","target":{"@type":"EntryPoint","urlTemplate":"https:\/\/www.oficinaempleo.com\/blog\/?s={search_term_string}"},"query-input":{"@type":"PropertyValueSpecification","valueRequired":true,"valueName":"search_term_string"}}],"inLanguage":"es"},{"@type":"Organization","@id":"https:\/\/www.oficinaempleo.com\/blog\/#organization","name":"OficinaEmpleo","url":"https:\/\/www.oficinaempleo.com\/blog\/","logo":{"@type":"ImageObject","inLanguage":"es","@id":"https:\/\/www.oficinaempleo.com\/blog\/#\/schema\/logo\/image\/","url":"https:\/\/www.oficinaempleo.com\/blog\/wp-content\/uploads\/2018\/10\/logo_footer-1.jpg","contentUrl":"https:\/\/www.oficinaempleo.com\/blog\/wp-content\/uploads\/2018\/10\/logo_footer-1.jpg","width":478,"height":57,"caption":"OficinaEmpleo"},"image":{"@id":"https:\/\/www.oficinaempleo.com\/blog\/#\/schema\/logo\/image\/"},"sameAs":["https:\/\/x.com\/OficinaEmpleo"]},{"@type":"Person","@id":"https:\/\/www.oficinaempleo.com\/blog\/#\/schema\/person\/323628fee432f5770d26b0dbb82f8496","name":"Carolina Ca\u00f1ada","image":{"@type":"ImageObject","inLanguage":"es","@id":"https:\/\/www.oficinaempleo.com\/blog\/#\/schema\/person\/image\/","url":"https:\/\/secure.gravatar.com\/avatar\/b720a551eff58f7a1afeb82a3d3442e999d6b8964153be6a496d509889a64831?s=96&d=mm&r=g","contentUrl":"https:\/\/secure.gravatar.com\/avatar\/b720a551eff58f7a1afeb82a3d3442e999d6b8964153be6a496d509889a64831?s=96&d=mm&r=g","caption":"Carolina Ca\u00f1ada"},"url":"https:\/\/www.oficinaempleo.com\/blog\/author\/carolina\/"}]}},"_links":{"self":[{"href":"https:\/\/www.oficinaempleo.com\/blog\/wp-json\/wp\/v2\/posts\/9497","targetHints":{"allow":["GET"]}}],"collection":[{"href":"https:\/\/www.oficinaempleo.com\/blog\/wp-json\/wp\/v2\/posts"}],"about":[{"href":"https:\/\/www.oficinaempleo.com\/blog\/wp-json\/wp\/v2\/types\/post"}],"author":[{"embeddable":true,"href":"https:\/\/www.oficinaempleo.com\/blog\/wp-json\/wp\/v2\/users\/6"}],"replies":[{"embeddable":true,"href":"https:\/\/www.oficinaempleo.com\/blog\/wp-json\/wp\/v2\/comments?post=9497"}],"version-history":[{"count":1,"href":"https:\/\/www.oficinaempleo.com\/blog\/wp-json\/wp\/v2\/posts\/9497\/revisions"}],"predecessor-version":[{"id":33000,"href":"https:\/\/www.oficinaempleo.com\/blog\/wp-json\/wp\/v2\/posts\/9497\/revisions\/33000"}],"wp:featuredmedia":[{"embeddable":true,"href":"https:\/\/www.oficinaempleo.com\/blog\/wp-json\/wp\/v2\/media\/9506"}],"wp:attachment":[{"href":"https:\/\/www.oficinaempleo.com\/blog\/wp-json\/wp\/v2\/media?parent=9497"}],"wp:term":[{"taxonomy":"category","embeddable":true,"href":"https:\/\/www.oficinaempleo.com\/blog\/wp-json\/wp\/v2\/categories?post=9497"},{"taxonomy":"post_tag","embeddable":true,"href":"https:\/\/www.oficinaempleo.com\/blog\/wp-json\/wp\/v2\/tags?post=9497"}],"curies":[{"name":"wp","href":"https:\/\/api.w.org\/{rel}","templated":true}]}}